{"id":28,"count":1,"description":"","link":"https:\/\/sprachcafe-polnisch.org\/pl\/tag\/czas-na-wielojezycznosc\/","name":"Czas na wieloj\u0119zyczno\u015b\u0107","slug":"czas-na-wielojezycznosc","taxonomy":"post_tag","meta":[],"_links":{"self":[{"href":"https:\/\/sprachcafe-polnisch.org\/pl\/wp-json\/wp\/v2\/tags\/28","targetHints":{"allow":["GET"]}}],"collection":[{"href":"https:\/\/sprachcafe-polnisch.org\/pl\/wp-json\/wp\/v2\/tags"}],"about":[{"href":"https:\/\/sprachcafe-polnisch.org\/pl\/wp-json\/wp\/v2\/taxonomies\/post_tag"}],"wp:post_type":[{"href":"https:\/\/sprachcafe-polnisch.org\/pl\/wp-json\/wp\/v2\/posts?tags=28"}],"curies":[{"name":"wp","href":"https:\/\/api.w.org\/{rel}","templated":true}]}}