{"id":694,"date":"2020-04-13T21:00:00","date_gmt":"2020-04-13T19:00:00","guid":{"rendered":"https:\/\/sprachcafe-polnisch.org\/?p=694"},"modified":"2021-12-22T13:14:21","modified_gmt":"2021-12-22T12:14:21","slug":"wspolczucie-empatia-jezyk","status":"publish","type":"post","link":"https:\/\/sprachcafe-polnisch.org\/pl\/2020\/04\/wspolczucie-empatia-jezyk\/","title":{"rendered":"Wsp\u00f3\u0142czucie, empatia, j\u0119zyk"},"content":{"rendered":"\n<p>Tak, ostatni opublikowany artyku\u0142 blogu by\u0142 pochwa\u0142\u0105 naszego miejsca spotka\u0144 ludzi, ich bliskiego kontaktu ze sob\u0105 i rozm\u00f3w, podkre\u015bla\u0142 ich potrzeb\u0119 i wyra\u017ca\u0142 ich g\u0142\u0119boki sens. Nagle i nieoczekowanie zostali\u015bmy wyrwani z tej rzeczywisto\u015bci i pozbawieni siebie nawzajem &#8211; w realu. Zabrak\u0142o s\u0142\u00f3w na wyra\u017cenie tego, co jest, a nikt tak naprawd\u0119 nie wie, co si\u0119 jeszcze mo\u017ce wydarzy\u0107\u2026<\/p>\n\n\n\n<p>Sytuacja ka\u017cdego z nas jest jest inna, jednak ka\u017cdy z nas pr\u00f3buje na nowo zorganizowa\u0107 codzienno\u015b\u0107 i tworzy\u0107 r\u00f3wnowag\u0119 fizyczn\u0105, materialn\u0105 i emocjonaln\u0105. Nadal jest potrzeba kontaktu z innymi i wymiany my\u015bli, potrzeba kontaktu z drugim cz\u0142owiekiem &#8211; bo to naturalna potrzeba blisko\u015bci! Jeste\u015bmy istotami spo\u0142ecznymi. Ludzie potrzebuj\u0105 si\u0119 nawzajem. Nagle technika, na kt\u00f3r\u0105 d\u0142ugo nie mieli\u015bmy ochoty, okaza\u0142a si\u0119 teraz naszym wielkim sprzymierze\u0144cem, wielu z nas prze\u0142amuje jeszcze bariery, by z niej skorzysta\u0107. M\u0142odsi pomagaj\u0105 w tym starszym.<\/p>\n\n\n\n<p>Co okazuje si\u0119 teraz szczeg\u00f3lnie wa\u017cne?<\/p>\n\n\n\n<p>W tej sytuacji ekstremalnie kryzysowej okazuje si\u0119, \u017ce tyle nas &#8211; ludzi &#8211; \u0142\u0105czy ze sob\u0105, niezale\u017cnie od pochodzenia, kr\u0119gu kulturowego, j\u0119zyka. I \u017ce nasze \u017cycie jest tak bardzo niepewne\u2026<\/p>\n\n\n\n<p>To chyba w\u0142a\u015bnie wsp\u00f3\u0142czucie i empatia, kt\u00f3re sprawiaj\u0105, \u017ce potrzeba siebie i rozm\u00f3w wyra\u017cana jest przez emocje. Wtedy j\u0119zyk sam w sobie schodzi na drugi plan, ust\u0119puj\u0105c miejsca emocjom &#8211; empatii, kt\u00f3ra w\u0142a\u015bnie umo\u017cliwia wej\u015bcie w kontakt i komunikacj\u0119 &#8211; w jakim j\u0119zyku i w jakiej formie ona by nie by\u0142a. Du\u017co czasu sp\u0119dzamy dzi\u015b przy telefonie, na skypie, zoomie, czy na innych platformach komunikacyjnych, organizuj\u0105c tam te\u017c \u017cycie zawodowe. Zn\u00f3w piszemy kartki i listy. Rysujemy, szkicujemy, malujemy\u2026 stajemy si\u0119 bardziej kreatywni ni\u017c kiedykolwiek byli\u015bmy. \u015apiewamy i muzykujemy!<\/p>\n\n\n\n<p>Poczucie humoru okazuje si\u0119 bardzo pomocne w roz\u0142adowaniu napi\u0119\u0107 i \u0142\u0105czy ludzi! Okazujemy je w tak r\u00f3\u017cnych formach.<br>Chyba jednak w ci\u0105gu ostatnich dni i tygodni sami nie oczekiwali\u015bmy tak wielu przyjaznych gest\u00f3w solidarno\u015bci i wsparcia, mi\u0142o\u015bci bli\u017aniego\u2026<\/p>\n\n\n\n<p>A o czym chcemy teraz m\u00f3wi\u0107? O czym chcemy ze sob\u0105 rozmawia\u0107? Co chcemy sobie teraz naprawd\u0119 powiedzie\u0107, by si\u0119 nawzajem wesprze\u0107 i wzmocni\u0107? W jakim j\u0119zyku?<\/p>\n\n\n\n<p>A mo\u017ce po prostu ws\u0142ucha\u0107 si\u0119 w niedocenion\u0105 cisz\u0119? Nawet nie m\u00f3wi\u0105c o tym nikomu, uwa\u017cnie, wczuwaj\u0105c si\u0119 w ni\u0105?<\/p>\n","protected":false},"excerpt":{"rendered":"<p>Tak, ostatni opublikowany artyku\u0142 blogu by\u0142 pochwa\u0142\u0105 naszego miejsca spotka\u0144 ludzi, ich bliskiego kontaktu ze sob\u0105 i rozm\u00f3w, podkre\u015bla\u0142 ich potrzeb\u0119 i wyra\u017ca\u0142 ich g\u0142\u0119boki sens. Nagle i nieoczekowanie zostali\u015bmy wyrwani z tej rzeczywisto\u015bci i pozbawieni siebie nawzajem &#8211; w realu. Zabrak\u0142o s\u0142\u00f3w na wyra\u017cenie tego, co jest, a nikt tak naprawd\u0119 nie wie, co si\u0119 jeszcze mo\u017ce wydarzy\u0107\u2026 Sytuacja ka\u017cdego z nas jest jest inna, jednak ka\u017cdy z nas pr\u00f3buje na nowo zorganizowa\u0107 codzienno\u015b\u0107 i tworzy\u0107 r\u00f3wnowag\u0119 fizyczn\u0105, materialn\u0105 i emocjonaln\u0105. Nadal jest potrzeba kontaktu z innymi i wymiany my\u015bli, potrzeba kontaktu z drugim cz\u0142owiekiem &#8211; bo to naturalna potrzeba blisko\u015bci! Jeste\u015bmy istotami spo\u0142ecznymi. Ludzie potrzebuj\u0105 si\u0119 nawzajem. Nagle technika, na kt\u00f3r\u0105 d\u0142ugo nie mieli\u015bmy ochoty, okaza\u0142a si\u0119 teraz naszym wielkim sprzymierze\u0144cem, wielu z nas prze\u0142amuje jeszcze bariery, by z niej skorzysta\u0107. M\u0142odsi pomagaj\u0105 w tym starszym. Co okazuje si\u0119 teraz szczeg\u00f3lnie wa\u017cne? W tej sytuacji ekstremalnie kryzysowej okazuje si\u0119, \u017ce tyle nas &#8211; ludzi &#8211; \u0142\u0105czy ze sob\u0105, niezale\u017cnie od pochodzenia, kr\u0119gu kulturowego, j\u0119zyka. I \u017ce nasze \u017cycie jest tak bardzo niepewne\u2026 To chyba w\u0142a\u015bnie wsp\u00f3\u0142czucie i empatia, kt\u00f3re sprawiaj\u0105, \u017ce potrzeba siebie i rozm\u00f3w wyra\u017cana jest przez emocje. Wtedy j\u0119zyk sam w sobie schodzi na drugi plan, ust\u0119puj\u0105c miejsca emocjom &#8211; empatii, kt\u00f3ra w\u0142a\u015bnie umo\u017cliwia wej\u015bcie w kontakt i komunikacj\u0119 &#8211; w jakim j\u0119zyku i w jakiej formie ona by nie by\u0142a. Du\u017co czasu sp\u0119dzamy dzi\u015b przy telefonie, na skypie, zoomie, czy na innych platformach komunikacyjnych, organizuj\u0105c tam te\u017c \u017cycie zawodowe. Zn\u00f3w piszemy kartki i listy. Rysujemy, szkicujemy, malujemy\u2026 stajemy si\u0119 bardziej kreatywni ni\u017c kiedykolwiek byli\u015bmy. \u015apiewamy i muzykujemy! Poczucie humoru okazuje si\u0119 bardzo pomocne w roz\u0142adowaniu napi\u0119\u0107 i \u0142\u0105czy ludzi! Okazujemy je w tak r\u00f3\u017cnych formach.Chyba jednak w ci\u0105gu ostatnich dni i tygodni sami nie oczekiwali\u015bmy tak wielu przyjaznych gest\u00f3w solidarno\u015bci i wsparcia, mi\u0142o\u015bci bli\u017aniego\u2026 A o czym chcemy teraz m\u00f3wi\u0107? O czym chcemy ze sob\u0105 rozmawia\u0107? Co chcemy sobie teraz naprawd\u0119 powiedzie\u0107, by si\u0119 nawzajem wesprze\u0107 i wzmocni\u0107? W jakim j\u0119zyku? A mo\u017ce po prostu ws\u0142ucha\u0107 si\u0119 w niedocenion\u0105 cisz\u0119? Nawet nie m\u00f3wi\u0105c o tym nikomu, uwa\u017cnie, wczuwaj\u0105c si\u0119 w ni\u0105?<\/p>\n","protected":false},"author":2,"featured_media":671,"comment_status":"open","ping_status":"closed","sticky":false,"template":"","format":"standard","meta":{"jetpack_post_was_ever_published":false,"_jetpack_newsletter_access":"","_jetpack_dont_email_post_to_subs":false,"_jetpack_newsletter_tier_id":0,"_jetpack_memberships_contains_paywalled_content":false,"_jetpack_memberships_contains_paid_content":false,"footnotes":"","jetpack_publicize_message":"","jetpack_publicize_feature_enabled":true,"jetpack_social_post_already_shared":false,"jetpack_social_options":{"image_generator_settings":{"template":"highway","default_image_id":0,"font":"","enabled":false},"version":2}},"categories":[21],"tags":[],"class_list":["post-694","post","type-post","status-publish","format-standard","has-post-thumbnail","hentry","category-u-nas"],"jetpack_publicize_connections":[],"jetpack_featured_media_url":"https:\/\/i0.wp.com\/sprachcafe-polnisch.org\/wp-content\/uploads\/2021\/01\/post-Mitgefuhl-Empathie-Sprache.jpg?fit=1080%2C675&ssl=1","acf":[],"jetpack-related-posts":[],"jetpack_sharing_enabled":true,"_links":{"self":[{"href":"https:\/\/sprachcafe-polnisch.org\/pl\/wp-json\/wp\/v2\/posts\/694","targetHints":{"allow":["GET"]}}],"collection":[{"href":"https:\/\/sprachcafe-polnisch.org\/pl\/wp-json\/wp\/v2\/posts"}],"about":[{"href":"https:\/\/sprachcafe-polnisch.org\/pl\/wp-json\/wp\/v2\/types\/post"}],"author":[{"embeddable":true,"href":"https:\/\/sprachcafe-polnisch.org\/pl\/wp-json\/wp\/v2\/users\/2"}],"replies":[{"embeddable":true,"href":"https:\/\/sprachcafe-polnisch.org\/pl\/wp-json\/wp\/v2\/comments?post=694"}],"version-history":[{"count":0,"href":"https:\/\/sprachcafe-polnisch.org\/pl\/wp-json\/wp\/v2\/posts\/694\/revisions"}],"wp:featuredmedia":[{"embeddable":true,"href":"https:\/\/sprachcafe-polnisch.org\/pl\/wp-json\/wp\/v2\/media\/671"}],"wp:attachment":[{"href":"https:\/\/sprachcafe-polnisch.org\/pl\/wp-json\/wp\/v2\/media?parent=694"}],"wp:term":[{"taxonomy":"category","embeddable":true,"href":"https:\/\/sprachcafe-polnisch.org\/pl\/wp-json\/wp\/v2\/categories?post=694"},{"taxonomy":"post_tag","embeddable":true,"href":"https:\/\/sprachcafe-polnisch.org\/pl\/wp-json\/wp\/v2\/tags?post=694"}],"curies":[{"name":"wp","href":"https:\/\/api.w.org\/{rel}","templated":true}]}}