{"id":6656,"date":"2023-08-08T23:43:44","date_gmt":"2023-08-08T21:43:44","guid":{"rendered":"https:\/\/sprachcafe-polnisch.org\/?p=6656"},"modified":"2023-09-21T14:05:05","modified_gmt":"2023-09-21T12:05:05","slug":"zeitzeichen-znaki-czasu","status":"publish","type":"post","link":"https:\/\/sprachcafe-polnisch.org\/pl\/2023\/08\/zeitzeichen-znaki-czasu\/","title":{"rendered":"<strong>ZeitZeichen<\/strong>\u00a0\u2013 Znaki czasu"},"content":{"rendered":"\n<p>Malarskie notatki w pami\u0119tniku w nurcie czasu<br>Kreda pastelowa na papierze akwarelowym, 36x 42 cm<br><strong>Kristina Ciaglia<\/strong><\/p>\n\n\n\n<p><strong>03.10.-31.12.2023, wernisa\u017c: 11.10.2023, godz. 19:00, Schulzestr. 1, 13187 Berlin<\/strong><\/p>\n\n\n\n<p><\/p>\n\n\n\n<p>&#8222;Urodzi\u0142am si\u0119 w Berlinie, a dzieci\u0144stwo sp\u0119dzi\u0142am w Poczdamie; teraz od dawna mieszkam w Berlinie-Pankow. Studiowa\u0142em malarstwo w dawnej antropozoficznej szkole malarstwa &#8222;Julius Hebing&#8221; na Kreuzbergu.<\/p>\n\n\n\n<p>Lubi\u0119 malowa\u0107 w plenerze, blisko wody, ska\u0142, chmur \u2013 w obecno\u015bci wiatru i pogody. W ten spos\u00f3b natychmiast doznaj\u0119 ich wp\u0142yw na powstaj\u0105ce obrazy.<\/p>\n\n\n\n<p>Moje podr\u00f3\u017ce malarskie cz\u0119sto prowadzi\u0142y mnie do Irlandii &#8211; gdzie r\u00f3wnie\u017c wystawia\u0142am swoje prace &#8211; do W\u0142och i nad Morze Ba\u0142tyckie. Mi\u0119dzynarodowe Festiwale Plenerowe, w kt\u00f3rych bra\u0142am udzia\u0142, odbywa\u0142y si\u0119 w pi\u0119knym Himmelpfort w Brandenburgii.<\/p>\n\n\n\n<p>Obecnie maluj\u0119 g\u0142\u00f3wnie pejza\u017ce kredkami pastelowymi na papierze akwarelowym i farbami olejnymi na p\u0142\u00f3tnie. Czasami powstaj\u0105 r\u00f3wnie\u017c kola\u017ce w technice o\u0142\u00f3wka i kredek.<\/p>\n\n\n\n<p>Z przyjemno\u015bci\u0105 przekazuj\u0119 swoj\u0105 wiedz\u0119 w r\u00f3\u017cnych grupach malarskich dzieciom i m\u0142odzie\u017cy z upo\u015bledzeniem umys\u0142owym, a tak\u017ce seniorom.<\/p>\n\n\n\n<p>Regularnie bior\u0119 udzia\u0142 w wystawach zbiorowych i organizuj\u0119 w\u0142asne wystawy.<\/p>\n\n\n\n<p>Z niecierpliwo\u015bci\u0105 czekam na Wasz\u0105 wizyt\u0119 w SprachCaf\u00e9, a tak\u017ce zapraszam do odwiedzenia mojej strony internetowej: www.ciaglia-malerei.jimdosite.com.<\/p>\n\n\n\n<p>Moja nast\u0119pna wystawa odb\u0119dzie si\u0119 podczas &#8222;ART Kreuzberg&#8221;: Caf\u00e9 &#8222;M\u00d6CA&#8221;, M\u00f6ckernkiez 17, 10963, wernisa\u017c: sb., 16.09.2023, godz. 13-14, godziny otwarcia: sb.,13- 20, nd. 17.9.2023, 14- 20.&#8221;<\/p>\n\n\n\n<p><br><\/p>\n\n\n\n<p>Akompaniament muzyczny:<\/p>\n\n\n\n<p>Julia Jehanne Boka, piosenkarka i harfistka z Poczdamu, z wiede\u0144skimi korzeniami i sercem w Irlandii.<\/p>\n\n\n\n<p>W Irlandii od wielu lat pisze w\u0142asne, bardzo poetyckie piosenki. Jej muzyka mo\u017ce by\u0107 folkowo-fletowa, ale tak\u017ce \u017cyje z delikatnych, sferycznych d\u017awi\u0119k\u00f3w. Opr\u00f3cz jej czaruj\u0105cych oryginalnych kompozycji, \u015bpiewa r\u00f3wnie\u017c piosenki z Irlandii, Szkocji i Anglii oraz gra na harfie celtyckiej.<\/p>\n\n\n\n<p>&#8222;Jehanne Boka jest genialn\u0105 autork\u0105 piosenek z pi\u0119knym g\u0142osem!&#8221; (folkworld)<\/p>\n\n\n\n<p>Pr\u00f3bki d\u017awi\u0119kowe mo\u017cna znale\u017a\u0107 pod tymi linkami:<\/p>\n\n\n\n<div class=\"wp-block-group\"><div class=\"wp-block-group__inner-container is-layout-constrained wp-block-group-is-layout-constrained\">\n<p>Link 1:&nbsp;<a href=\"https:\/\/l.facebook.com\/l.php?u=https%3A%2F%2Fwww.youtube.com%2Fwatch%3Fv%3DdQ31FqjBKY8%26fbclid%3DIwAR2mSijbIuIpXIm6rAIR4n8FbZ1VGrjxfdmwtMkNyUcvGvhljxW8Ydb54hQ&amp;h=AT2SF1pjwTum6leCS_YNgVMbR0E_d7sH9ft7CdOiEcDGvdcjJJVW1fBGQEE7uN-Mzznn6j-HRvXPOYlTYr9Jm0hvujk0QuQBPgzeL__lLN1jTlCxhTwFKAJyRwfIGGd4mxK4xl7NZbLQ1O_COmcs\" target=\"_blank\" rel=\"noreferrer noopener\">https:\/\/www.youtube.com\/watch?v=dQ31FqjBKY8<\/a><\/p>\n\n\n\n<p>Link 2:&nbsp;<a href=\"https:\/\/www.youtube.com\/watch?v=FhmfrrnjsPA&amp;fbclid=IwAR20j_02yRBTlhPPItH2sn4pl7XjP09gmjTZureI-Oqr0MjbfVGmO1PqBJY\" target=\"_blank\" rel=\"noreferrer noopener\">https:\/\/www.youtube.com\/watch?v=FhmfrrnjsPA<\/a><\/p>\n\n\n\n<p>Link 3:&nbsp;<a href=\"https:\/\/www.youtube.com\/watch?v=Q2-LFRhEidA\" target=\"_blank\" rel=\"noreferrer noopener\">https:\/\/www.youtube.com\/watch?v=Q2-LFRhEidA<\/a><\/p>\n<\/div><\/div>\n\n\n\n<p><\/p>\n\n\n\n<p>Spotkanie b\u0119dzie prowadzone w j\u0119zyku niemieckim.<\/p>\n\n\n\n<p><strong>Wst\u0119p wolny. Datki wspieraj\u0105ce dzia\u0142ania Kafejki s\u0105 mile widziane.<\/strong><\/p>\n\n\n\n<p>W ramach projekt\u00f3w&nbsp; FEIN-Pilotprojekt i \u201eJeste\u015bmy sobie potrzebni\u201c) przy wsparciu Urz\u0119du Dzielnicy Pankow.<\/p>\n","protected":false},"excerpt":{"rendered":"<p>Malarskie notatki w pami\u0119tniku w nurcie czasuKreda pastelowa na papierze akwarelowym, 36x 42 cmKristina Ciaglia 03.10.-31.12.2023, wernisa\u017c: 11.10.2023, godz. 19:00, Schulzestr. 1, 13187 Berlin &#8222;Urodzi\u0142am si\u0119 w Berlinie, a dzieci\u0144stwo sp\u0119dzi\u0142am w Poczdamie; teraz od dawna mieszkam w Berlinie-Pankow. Studiowa\u0142em malarstwo w dawnej antropozoficznej szkole malarstwa &#8222;Julius Hebing&#8221; na Kreuzbergu. Lubi\u0119 malowa\u0107 w plenerze, blisko wody, ska\u0142, chmur \u2013 w obecno\u015bci wiatru i pogody. W ten spos\u00f3b natychmiast doznaj\u0119 ich wp\u0142yw na powstaj\u0105ce obrazy. Moje podr\u00f3\u017ce malarskie cz\u0119sto prowadzi\u0142y mnie do Irlandii &#8211; gdzie r\u00f3wnie\u017c wystawia\u0142am swoje prace &#8211; do W\u0142och i nad Morze Ba\u0142tyckie. Mi\u0119dzynarodowe Festiwale Plenerowe, w kt\u00f3rych bra\u0142am udzia\u0142, odbywa\u0142y si\u0119 w pi\u0119knym Himmelpfort w Brandenburgii. Obecnie maluj\u0119 g\u0142\u00f3wnie pejza\u017ce kredkami pastelowymi na papierze akwarelowym i farbami olejnymi na p\u0142\u00f3tnie. Czasami powstaj\u0105 r\u00f3wnie\u017c kola\u017ce w technice o\u0142\u00f3wka i kredek. Z przyjemno\u015bci\u0105 przekazuj\u0119 swoj\u0105 wiedz\u0119 w r\u00f3\u017cnych grupach malarskich dzieciom i m\u0142odzie\u017cy z upo\u015bledzeniem umys\u0142owym, a tak\u017ce seniorom. Regularnie bior\u0119 udzia\u0142 w wystawach zbiorowych i organizuj\u0119 w\u0142asne wystawy. Z niecierpliwo\u015bci\u0105 czekam na Wasz\u0105 wizyt\u0119 w SprachCaf\u00e9, a tak\u017ce zapraszam do odwiedzenia mojej strony internetowej: www.ciaglia-malerei.jimdosite.com. Moja nast\u0119pna wystawa odb\u0119dzie si\u0119 podczas &#8222;ART Kreuzberg&#8221;: Caf\u00e9 &#8222;M\u00d6CA&#8221;, M\u00f6ckernkiez 17, 10963, wernisa\u017c: sb., 16.09.2023, godz. 13-14, godziny otwarcia: sb.,13- 20, nd. 17.9.2023, 14- 20.&#8221; Akompaniament muzyczny: Julia Jehanne Boka, piosenkarka i harfistka z Poczdamu, z wiede\u0144skimi korzeniami i sercem w Irlandii. W Irlandii od wielu lat pisze w\u0142asne, bardzo poetyckie piosenki. Jej muzyka mo\u017ce by\u0107 folkowo-fletowa, ale tak\u017ce \u017cyje z delikatnych, sferycznych d\u017awi\u0119k\u00f3w. Opr\u00f3cz jej czaruj\u0105cych oryginalnych kompozycji, \u015bpiewa r\u00f3wnie\u017c piosenki z Irlandii, Szkocji i Anglii oraz gra na harfie celtyckiej. &#8222;Jehanne Boka jest genialn\u0105 autork\u0105 piosenek z pi\u0119knym g\u0142osem!&#8221; (folkworld) Pr\u00f3bki d\u017awi\u0119kowe mo\u017cna znale\u017a\u0107 pod tymi linkami: Link 1:&nbsp;https:\/\/www.youtube.com\/watch?v=dQ31FqjBKY8 Link 2:&nbsp;https:\/\/www.youtube.com\/watch?v=FhmfrrnjsPA Link 3:&nbsp;https:\/\/www.youtube.com\/watch?v=Q2-LFRhEidA Spotkanie b\u0119dzie prowadzone w j\u0119zyku niemieckim. Wst\u0119p wolny. Datki wspieraj\u0105ce dzia\u0142ania Kafejki s\u0105 mile widziane. W ramach projekt\u00f3w&nbsp; FEIN-Pilotprojekt i \u201eJeste\u015bmy sobie potrzebni\u201c) przy wsparciu Urz\u0119du Dzielnicy Pankow.<\/p>\n","protected":false},"author":2,"featured_media":6621,"comment_status":"open","ping_status":"closed","sticky":false,"template":"","format":"standard","meta":{"jetpack_post_was_ever_published":false,"_jetpack_newsletter_access":"","_jetpack_dont_email_post_to_subs":false,"_jetpack_newsletter_tier_id":0,"_jetpack_memberships_contains_paywalled_content":false,"_jetpack_memberships_contains_paid_content":false,"footnotes":"","jetpack_publicize_message":"","jetpack_publicize_feature_enabled":true,"jetpack_social_post_already_shared":false,"jetpack_social_options":{"image_generator_settings":{"template":"highway","default_image_id":0,"font":"","enabled":false},"version":2}},"categories":[63],"tags":[],"class_list":["post-6656","post","type-post","status-publish","format-standard","has-post-thumbnail","hentry","category-polnoc"],"jetpack_publicize_connections":[],"jetpack_featured_media_url":"https:\/\/i0.wp.com\/sprachcafe-polnisch.org\/wp-content\/uploads\/2023\/08\/Dininish-Beach-2023-1-scaled.jpg?fit=2560%2C1924&ssl=1","acf":[],"jetpack-related-posts":[],"jetpack_sharing_enabled":true,"_links":{"self":[{"href":"https:\/\/sprachcafe-polnisch.org\/pl\/wp-json\/wp\/v2\/posts\/6656","targetHints":{"allow":["GET"]}}],"collection":[{"href":"https:\/\/sprachcafe-polnisch.org\/pl\/wp-json\/wp\/v2\/posts"}],"about":[{"href":"https:\/\/sprachcafe-polnisch.org\/pl\/wp-json\/wp\/v2\/types\/post"}],"author":[{"embeddable":true,"href":"https:\/\/sprachcafe-polnisch.org\/pl\/wp-json\/wp\/v2\/users\/2"}],"replies":[{"embeddable":true,"href":"https:\/\/sprachcafe-polnisch.org\/pl\/wp-json\/wp\/v2\/comments?post=6656"}],"version-history":[{"count":1,"href":"https:\/\/sprachcafe-polnisch.org\/pl\/wp-json\/wp\/v2\/posts\/6656\/revisions"}],"predecessor-version":[{"id":7313,"href":"https:\/\/sprachcafe-polnisch.org\/pl\/wp-json\/wp\/v2\/posts\/6656\/revisions\/7313"}],"wp:featuredmedia":[{"embeddable":true,"href":"https:\/\/sprachcafe-polnisch.org\/pl\/wp-json\/wp\/v2\/media\/6621"}],"wp:attachment":[{"href":"https:\/\/sprachcafe-polnisch.org\/pl\/wp-json\/wp\/v2\/media?parent=6656"}],"wp:term":[{"taxonomy":"category","embeddable":true,"href":"https:\/\/sprachcafe-polnisch.org\/pl\/wp-json\/wp\/v2\/categories?post=6656"},{"taxonomy":"post_tag","embeddable":true,"href":"https:\/\/sprachcafe-polnisch.org\/pl\/wp-json\/wp\/v2\/tags?post=6656"}],"curies":[{"name":"wp","href":"https:\/\/api.w.org\/{rel}","templated":true}]}}