{"id":643,"date":"2020-12-27T17:00:00","date_gmt":"2020-12-27T16:00:00","guid":{"rendered":"https:\/\/sprachcafe-polnisch.org\/?p=643"},"modified":"2021-08-20T18:20:44","modified_gmt":"2021-08-20T16:20:44","slug":"fein-pilotprojekt","status":"publish","type":"post","link":"https:\/\/sprachcafe-polnisch.org\/pl\/2020\/12\/fein-pilotprojekt\/","title":{"rendered":"FEIN-Pilotprojekt"},"content":{"rendered":"\n<p>FEIN &#8211; <strong>Freiwilliges Engagement In Nachbarschaften<\/strong>: SprachCaf\u00e9 2.0<\/p>\n\n\n\n<p>Celem projektu jest wsparcie s\u0105siedzkiego zaanga\u017cowania spo\u0142ecznego, aktywizacja potrzeb wolontariackich oraz stabilizacja otoczenia i jego socjalnych struktur.<\/p>\n\n\n\n<ul class=\"wp-block-list\"><li>biuro koordynacji wolontariatu<\/li><li>digitalizacja<\/li><li>profesjonalizacja partycypacji wolontariuszy<\/li><li>kawiarnia s\u0105siedzka i networking w s\u0105siedztwie<\/li><li>komunikacja oraz public relations<\/li><\/ul>\n\n\n\n<p>Projekt wspierany jest przez Urz\u0105d Senacki ds. Rozwoju Miasta i Gospodarki Mieszkaniowej &#8211; <a rel=\"noreferrer noopener\" href=\"https:\/\/www.stadtentwicklung.berlin.de\/staedtebau\/foerderprogramme\/fein\/index.shtml\" data-type=\"URL\" data-id=\"https:\/\/www.stadtentwicklung.berlin.de\/staedtebau\/foerderprogramme\/fein\/index.shtml\" target=\"_blank\">Senatsverwaltung f\u00fcr Stadtentwicklung und Wohnen<\/a> oraz <a rel=\"noreferrer noopener\" href=\"https:\/\/www.berlin.de\/ba-pankow\/politik-und-verwaltung\/beauftragte\/integration\/\" data-type=\"URL\" data-id=\"https:\/\/www.berlin.de\/ba-pankow\/politik-und-verwaltung\/beauftragte\/integration\/\" target=\"_blank\">Urz\u0105d Dzielnicy Pankow<\/a>.<\/p>\n\n\n\n<h2 class=\"wp-block-heading\">Wydarzenia<\/h2>\n\n\n<div class=\"cff-wrapper\"><div class=\"cff-wrapper-ctn \" ><div id=\"cff\" data-char=\"200\" class=\"cff  cff-mob-cols-1 cff-tab-cols-1  cff-thumb-layout cff-pag cff-doing-gdpr cff-all-reviews cff-nojs  cff-lightbox cff-lb\" style=\"width:100%; \" data-fb-text=\"View on Facebook\" data-offset=\"\" data-own-token=\"true\" data-grid-pag=\"offset\" data-lb-comments=\"false\" data-pag-num=\"5\" data-cff-shortcode=\"{&quot;feed&quot;: &quot;4&quot;}\" data-postid=\"643\" data-cff-flags=\"gdpr\"><svg width=\"24px\" height=\"24px\" version=\"1.1\" xmlns=\"http:\/\/www.w3.org\/2000\/svg\" xmlns:xlink=\"http:\/\/www.w3.org\/1999\/xlink\" class=\"cff-screenreader\" role=\"img\" aria-labelledby=\"metaSVGid metaSVGdesc\"><title id=\"metaSVGid\">Comments Box SVG icons<\/title><desc id=\"metaSVGdesc\">Used for the like, share, comment, and reaction icons<\/desc><defs><linearGradient id=\"angryGrad\" x1=\"0\" x2=\"0\" y1=\"0\" y2=\"1\"><stop offset=\"0%\" stop-color=\"#f9ae9e\" \/><stop offset=\"70%\" stop-color=\"#ffe7a4\" \/><\/linearGradient><linearGradient id=\"likeGrad\"><stop offset=\"25%\" stop-color=\"rgba(0,0,0,0.05)\" \/><stop offset=\"26%\" stop-color=\"rgba(255,255,255,0.7)\" \/><\/linearGradient><linearGradient id=\"likeGradHover\"><stop offset=\"25%\" stop-color=\"#a3caff\" \/><stop offset=\"26%\" stop-color=\"#fff\" \/><\/linearGradient><linearGradient id=\"likeGradDark\"><stop offset=\"25%\" stop-color=\"rgba(255,255,255,0.5)\" \/><stop offset=\"26%\" stop-color=\"rgba(255,255,255,0.7)\" \/><\/linearGradient><\/defs><\/svg>\t\t<div class=\"cff-error-msg\">\r\n\t\t\t<div>\r\n            <svg  aria-hidden=\"true\" focusable=\"false\" data-prefix=\"fas\" data-icon=\"lock\" role=\"img\" xmlns=\"http:\/\/www.w3.org\/2000\/svg\" viewBox=\"0 0 448 512\" class=\"svg-inline--fa fa-lock fa-w-14 \"><path fill=\"currentColor\" d=\"M400 224h-24v-72C376 68.2 307.8 0 224 0S72 68.2 72 152v72H48c-26.5 0-48 21.5-48 48v192c0 26.5 21.5 48 48 48h352c26.5 0 48-21.5 48-48V272c0-26.5-21.5-48-48-48zm-104 0H152v-72c0-39.7 32.3-72 72-72s72 32.3 72 72v72z\"><\/path><\/svg><b>This message is only visible to admins.<\/b><br\/>\t\r\n\t\t\t\tProblem displaying Facebook posts. Backup cache in use.\t\r\n\t\t\t\t\t\t\t\t\t<\/div>\r\n\t\t\t\t\t<div id=\"cff-error-reason\">\r\n\t\t\t\t\t\t\t\t\t\t\t\t\t<b>Error:<\/b> (#200) Provide valid app ID<br\/>\r\n\t\t\t\t\t\t\t\r\n\t\t\t\t\t\t\t\t\t\t\t\t\t<b>Type:<\/b> OAuthException<br\/>\r\n\t\t\t\t\t\t\t\r\n\t\t\t\t\t\t\t\r\n\t\t\t\t\t\t\t\t\r\n\t\t\t\t\t\t\t\r\n\t\t\t\t\t\t\t\r\n\t\t\t\t\t\t\t\t\t\t\t\t\t\t\t\t\t\t\t\t\t\t\t\t<\/div>\r\n\t\t\t\t\t\t\t\t\r\n\t\t<\/div>\r\n\t\t<div class=\"cff-posts-wrap\"><p class=\"cff-no-events\">No upcoming events<\/p><\/div><span class=\"cff_resized_image_data\" data-feedid=\"cff_ej_4428512324495744428512324495745p\" data-resized=\"[]\"><\/span><\/div><\/div><div class=\"cff-clear\"><\/div><\/div>\n\n<div class=\"cff-wrapper\"><div class=\"cff-wrapper-ctn \" ><div id=\"cff\" data-char=\"200\" class=\"cff  cff-mob-cols-1 cff-tab-cols-1  cff-thumb-layout cff-pag cff-doing-gdpr cff-all-reviews cff-nojs  cff-lightbox cff-lb\" style=\"width:100%; \" data-fb-text=\"View on Facebook\" data-offset=\"\" data-timeline-pag=\"true\" data-own-token=\"true\" data-grid-pag=\"offset\" data-lb-comments=\"false\" data-pag-num=\"5\" data-cff-shortcode=\"{&quot;feed&quot;: &quot;5&quot;}\" data-postid=\"643\" data-cff-flags=\"gdpr\"><svg width=\"24px\" height=\"24px\" version=\"1.1\" xmlns=\"http:\/\/www.w3.org\/2000\/svg\" xmlns:xlink=\"http:\/\/www.w3.org\/1999\/xlink\" class=\"cff-screenreader\" role=\"img\" aria-labelledby=\"metaSVGid metaSVGdesc\"><title id=\"metaSVGid\">Comments Box SVG icons<\/title><desc id=\"metaSVGdesc\">Used for the like, share, comment, and reaction icons<\/desc><defs><linearGradient id=\"angryGrad\" x1=\"0\" x2=\"0\" y1=\"0\" y2=\"1\"><stop offset=\"0%\" stop-color=\"#f9ae9e\" \/><stop offset=\"70%\" stop-color=\"#ffe7a4\" \/><\/linearGradient><linearGradient id=\"likeGrad\"><stop offset=\"25%\" stop-color=\"rgba(0,0,0,0.05)\" \/><stop offset=\"26%\" stop-color=\"rgba(255,255,255,0.7)\" \/><\/linearGradient><linearGradient id=\"likeGradHover\"><stop offset=\"25%\" stop-color=\"#a3caff\" \/><stop offset=\"26%\" stop-color=\"#fff\" \/><\/linearGradient><linearGradient id=\"likeGradDark\"><stop offset=\"25%\" stop-color=\"rgba(255,255,255,0.5)\" \/><stop offset=\"26%\" stop-color=\"rgba(255,255,255,0.7)\" \/><\/linearGradient><\/defs><\/svg>\t\t<div class=\"cff-error-msg\">\r\n\t\t\t<div>\r\n            <svg  aria-hidden=\"true\" focusable=\"false\" data-prefix=\"fas\" data-icon=\"lock\" role=\"img\" xmlns=\"http:\/\/www.w3.org\/2000\/svg\" viewBox=\"0 0 448 512\" class=\"svg-inline--fa fa-lock fa-w-14 \"><path fill=\"currentColor\" d=\"M400 224h-24v-72C376 68.2 307.8 0 224 0S72 68.2 72 152v72H48c-26.5 0-48 21.5-48 48v192c0 26.5 21.5 48 48 48h352c26.5 0 48-21.5 48-48V272c0-26.5-21.5-48-48-48zm-104 0H152v-72c0-39.7 32.3-72 72-72s72 32.3 72 72v72z\"><\/path><\/svg><b>This message is only visible to admins.<\/b><br\/>\t\r\n\t\t\t\tProblem displaying Facebook posts. Backup cache in use.\t\r\n\t\t\t\t\t\t\t\t\t<\/div>\r\n\t\t\t\t\t<div id=\"cff-error-reason\">\r\n\t\t\t\t\t\t\t\t\t\t\t\t\t<b>Error:<\/b> (#200) Provide valid app ID<br\/>\r\n\t\t\t\t\t\t\t\r\n\t\t\t\t\t\t\t\t\t\t\t\t\t<b>Type:<\/b> OAuthException<br\/>\r\n\t\t\t\t\t\t\t\r\n\t\t\t\t\t\t\t\r\n\t\t\t\t\t\t\t\t\r\n\t\t\t\t\t\t\t\r\n\t\t\t\t\t\t\t\r\n\t\t\t\t\t\t\t\t\t\t\t\t\t\t\t\t\t\t\t\t\t\t\t\t<\/div>\r\n\t\t\t\t\t\t\t\t\r\n\t\t<\/div>\r\n\t\t<div class=\"cff-posts-wrap\"><p class=\"cff-no-events\">No upcoming events<\/p><\/div><span class=\"cff_resized_image_data\" data-feedid=\"cff_ej_4428512324495744428512324495745p1\" data-resized=\"[{&quot;media_id&quot;:&quot;6198745720177151&quot;,&quot;facebook_id&quot;:&quot;6198745720177151&quot;,&quot;aspect_ratio&quot;:&quot;1.00&quot;,&quot;sizes&quot;:&quot;[400,250,700]&quot;},{&quot;media_id&quot;:&quot;1214531849933363&quot;,&quot;facebook_id&quot;:&quot;1214531849933363&quot;,&quot;aspect_ratio&quot;:&quot;1.00&quot;,&quot;sizes&quot;:&quot;[400,250,700]&quot;},{&quot;media_id&quot;:&quot;578899687767736&quot;,&quot;facebook_id&quot;:&quot;578899687767736&quot;,&quot;aspect_ratio&quot;:&quot;1.00&quot;,&quot;sizes&quot;:&quot;[400,250,700]&quot;},{&quot;media_id&quot;:&quot;744061147528866&quot;,&quot;facebook_id&quot;:&quot;744061147528866&quot;,&quot;aspect_ratio&quot;:&quot;1.00&quot;,&quot;sizes&quot;:&quot;[400,250,700]&quot;},{&quot;media_id&quot;:&quot;727374715902985&quot;,&quot;facebook_id&quot;:&quot;727374715902985&quot;,&quot;aspect_ratio&quot;:&quot;1.00&quot;,&quot;sizes&quot;:&quot;[400,250,700]&quot;}]\"><\/span><\/div><\/div><div class=\"cff-clear\"><\/div><\/div>","protected":false},"excerpt":{"rendered":"<p>FEIN &#8211; Freiwilliges Engagement In Nachbarschaften: SprachCaf\u00e9 2.0 Celem projektu jest wsparcie s\u0105siedzkiego zaanga\u017cowania spo\u0142ecznego, aktywizacja potrzeb wolontariackich oraz stabilizacja otoczenia i jego socjalnych struktur. biuro koordynacji wolontariatu digitalizacja profesjonalizacja partycypacji wolontariuszy kawiarnia s\u0105siedzka i networking w s\u0105siedztwie komunikacja oraz public relations Projekt wspierany jest przez Urz\u0105d Senacki ds. Rozwoju Miasta i Gospodarki Mieszkaniowej &#8211; Senatsverwaltung f\u00fcr Stadtentwicklung und Wohnen oraz Urz\u0105d Dzielnicy Pankow. Wydarzenia<\/p>\n","protected":false},"author":2,"featured_media":750,"comment_status":"open","ping_status":"closed","sticky":false,"template":"","format":"standard","meta":{"jetpack_post_was_ever_published":false,"_jetpack_newsletter_access":"","_jetpack_dont_email_post_to_subs":false,"_jetpack_newsletter_tier_id":0,"_jetpack_memberships_contains_paywalled_content":false,"_jetpack_memberships_contains_paid_content":false,"footnotes":"","jetpack_publicize_message":"","jetpack_publicize_feature_enabled":true,"jetpack_social_post_already_shared":false,"jetpack_social_options":{"image_generator_settings":{"template":"highway","default_image_id":0,"font":"","enabled":false},"version":2}},"categories":[10],"tags":[],"class_list":["post-643","post","type-post","status-publish","format-standard","has-post-thumbnail","hentry","category-projekty"],"jetpack_publicize_connections":[],"jetpack_featured_media_url":"https:\/\/i0.wp.com\/sprachcafe-polnisch.org\/wp-content\/uploads\/2021\/01\/project-FEIN.png?fit=700%2C500&ssl=1","acf":[],"jetpack-related-posts":[],"jetpack_sharing_enabled":true,"_links":{"self":[{"href":"https:\/\/sprachcafe-polnisch.org\/pl\/wp-json\/wp\/v2\/posts\/643","targetHints":{"allow":["GET"]}}],"collection":[{"href":"https:\/\/sprachcafe-polnisch.org\/pl\/wp-json\/wp\/v2\/posts"}],"about":[{"href":"https:\/\/sprachcafe-polnisch.org\/pl\/wp-json\/wp\/v2\/types\/post"}],"author":[{"embeddable":true,"href":"https:\/\/sprachcafe-polnisch.org\/pl\/wp-json\/wp\/v2\/users\/2"}],"replies":[{"embeddable":true,"href":"https:\/\/sprachcafe-polnisch.org\/pl\/wp-json\/wp\/v2\/comments?post=643"}],"version-history":[{"count":0,"href":"https:\/\/sprachcafe-polnisch.org\/pl\/wp-json\/wp\/v2\/posts\/643\/revisions"}],"wp:featuredmedia":[{"embeddable":true,"href":"https:\/\/sprachcafe-polnisch.org\/pl\/wp-json\/wp\/v2\/media\/750"}],"wp:attachment":[{"href":"https:\/\/sprachcafe-polnisch.org\/pl\/wp-json\/wp\/v2\/media?parent=643"}],"wp:term":[{"taxonomy":"category","embeddable":true,"href":"https:\/\/sprachcafe-polnisch.org\/pl\/wp-json\/wp\/v2\/categories?post=643"},{"taxonomy":"post_tag","embeddable":true,"href":"https:\/\/sprachcafe-polnisch.org\/pl\/wp-json\/wp\/v2\/tags?post=643"}],"curies":[{"name":"wp","href":"https:\/\/api.w.org\/{rel}","templated":true}]}}