{"id":5910,"date":"2023-06-05T15:24:07","date_gmt":"2023-06-05T13:24:07","guid":{"rendered":"https:\/\/sprachcafe-polnisch.org\/?p=5910"},"modified":"2023-06-05T15:24:10","modified_gmt":"2023-06-05T13:24:10","slug":"buch-czyli-ksiazka","status":"publish","type":"post","link":"https:\/\/sprachcafe-polnisch.org\/pl\/2023\/06\/buch-czyli-ksiazka\/","title":{"rendered":"Buch czyli ksi\u0105\u017cka"},"content":{"rendered":"\n<p class=\"has-text-align-left has-small-font-size\">Niemiecka literatura po polsku &#8211; klub czytelniczy online.  Druga edycja 2022. <br>Przy wsparciu Fundacji Wsp\u00f3\u0142pracy Polsko-Niemieckiej.<br><a href=\"https:\/\/buchczyliksiazka.org\/druga-edycja-bck\/\">Wi\u0119cej&#8230;<\/a><\/p>\n","protected":false},"excerpt":{"rendered":"<p>Niemiecka literatura po polsku &#8211; klub czytelniczy online. Druga edycja 2022. Przy wsparciu Fundacji Wsp\u00f3\u0142pracy Polsko-Niemieckiej.Wi\u0119cej&#8230;<\/p>\n","protected":false},"author":2,"featured_media":5906,"comment_status":"open","ping_status":"closed","sticky":false,"template":"","format":"standard","meta":{"jetpack_post_was_ever_published":false,"_jetpack_newsletter_access":"","_jetpack_dont_email_post_to_subs":false,"_jetpack_newsletter_tier_id":0,"_jetpack_memberships_contains_paywalled_content":false,"_jetpack_memberships_contains_paid_content":false,"footnotes":"","jetpack_publicize_message":"","jetpack_publicize_feature_enabled":true,"jetpack_social_post_already_shared":false,"jetpack_social_options":{"image_generator_settings":{"template":"highway","default_image_id":0,"font":"","enabled":false},"version":2}},"categories":[10],"tags":[],"class_list":["post-5910","post","type-post","status-publish","format-standard","has-post-thumbnail","hentry","category-projekty"],"jetpack_publicize_connections":[],"jetpack_featured_media_url":"https:\/\/i0.wp.com\/sprachcafe-polnisch.org\/wp-content\/uploads\/2023\/06\/profil-1-e1685971414272.webp?fit=200%2C200&ssl=1","acf":[],"jetpack-related-posts":[],"jetpack_sharing_enabled":true,"_links":{"self":[{"href":"https:\/\/sprachcafe-polnisch.org\/pl\/wp-json\/wp\/v2\/posts\/5910","targetHints":{"allow":["GET"]}}],"collection":[{"href":"https:\/\/sprachcafe-polnisch.org\/pl\/wp-json\/wp\/v2\/posts"}],"about":[{"href":"https:\/\/sprachcafe-polnisch.org\/pl\/wp-json\/wp\/v2\/types\/post"}],"author":[{"embeddable":true,"href":"https:\/\/sprachcafe-polnisch.org\/pl\/wp-json\/wp\/v2\/users\/2"}],"replies":[{"embeddable":true,"href":"https:\/\/sprachcafe-polnisch.org\/pl\/wp-json\/wp\/v2\/comments?post=5910"}],"version-history":[{"count":0,"href":"https:\/\/sprachcafe-polnisch.org\/pl\/wp-json\/wp\/v2\/posts\/5910\/revisions"}],"wp:featuredmedia":[{"embeddable":true,"href":"https:\/\/sprachcafe-polnisch.org\/pl\/wp-json\/wp\/v2\/media\/5906"}],"wp:attachment":[{"href":"https:\/\/sprachcafe-polnisch.org\/pl\/wp-json\/wp\/v2\/media?parent=5910"}],"wp:term":[{"taxonomy":"category","embeddable":true,"href":"https:\/\/sprachcafe-polnisch.org\/pl\/wp-json\/wp\/v2\/categories?post=5910"},{"taxonomy":"post_tag","embeddable":true,"href":"https:\/\/sprachcafe-polnisch.org\/pl\/wp-json\/wp\/v2\/tags?post=5910"}],"curies":[{"name":"wp","href":"https:\/\/api.w.org\/{rel}","templated":true}]}}