{"id":5062,"date":"2023-02-11T18:36:54","date_gmt":"2023-02-11T17:36:54","guid":{"rendered":"https:\/\/sprachcafe-polnisch.org\/?p=5062"},"modified":"2023-11-13T19:15:40","modified_gmt":"2023-11-13T18:15:40","slug":"sprachcafe-im-ohr-uslysz-kafejke","status":"publish","type":"post","link":"https:\/\/sprachcafe-polnisch.org\/pl\/2023\/02\/sprachcafe-im-ohr-uslysz-kafejke\/","title":{"rendered":"SprachCaf\u00e8 im Ohr | Us\u0142ysz Kafejk\u0119!"},"content":{"rendered":"\n<h2 class=\"wp-block-heading\">Wspieramy&nbsp;wieloj\u0119zyczno\u015b\u0107!<br>Zapraszamy do udzia\u0142u!&nbsp;<\/h2>\n\n\n\n<p>Z dofinansowaniem\u00a0<strong>Berli\u0144skiego Senatu ds\u00a0<a rel=\"noreferrer noopener\" href=\"https:\/\/sprachcafe-polnisch.us12.list-manage.com\/track\/click?u=cdbb41f9160eb33abbe5274b9&amp;id=17aa21f5ae&amp;e=54306ec942\" target=\"_blank\"><strong><a rel=\"noreferrer noopener\" href=\"https:\/\/sprachcafe-polnisch.us12.list-manage.com\/track\/click?u=cdbb41f9160eb33abbe5274b9&amp;id=9f5e42b06b&amp;e=54306ec942\" target=\"_blank\">Pracy, Spraw Socjalnych, R\u00f3wno\u015bci, Integracji,\u00a0R\u00f3\u017cnorodno\u015bci i Antydyskryminacji<\/a><\/strong><\/a>\u00a0<\/strong>ruszy\u0142\u00a0nasz <strong>nowy projekt wspieraj\u0105cy wieloj\u0119zyczno\u015b\u0107.<\/strong><br>Przewidziany jest na trzy lata. Jeste\u015bmy z tego bardzo radzi.<\/p>\n\n\n\n<p>Oto&nbsp;<strong>elementy projektu<\/strong>:<\/p>\n\n\n\n<ul class=\"wp-block-list\">\n<li>bezp\u0142atne konsultacje telefoniczne nt. wieloj\u0119zycznego wychowania dzieci &#8211; w 14 j\u0119zykach<\/li>\n\n\n\n<li>kawiarnia dla rodzin wieloj\u0119zycznych, pedagog\u00f3w oraz os\u00f3b zainteresowanych &#8211; otwarta przestrze\u0144 spotka\u0144, edukacji, kreatywno\u015bci &#8211; dla wielu pokole\u0144<\/li>\n\n\n\n<li>szkolenia dla mi\u0119dzynarodowego zespo\u0142u zapewni\u0105 jako\u015b\u0107 pracy w projekcie.<\/li>\n<\/ul>\n\n\n\n<p><strong>\u015aled\u017acie nowo\u015bci! B\u0105d\u017acie z nami!<\/strong><\/p>\n\n\n\n<p><a href=\"https:\/\/sprachcafe-polnisch.org\/im-ohr\/pol\/\">Wi\u0119cej o projekcie tutaj<\/a><\/p>\n","protected":false},"excerpt":{"rendered":"<p>Wspieramy&nbsp;wieloj\u0119zyczno\u015b\u0107!Zapraszamy do udzia\u0142u!&nbsp; Z dofinansowaniem\u00a0Berli\u0144skiego Senatu ds\u00a0Pracy, Spraw Socjalnych, R\u00f3wno\u015bci, Integracji,\u00a0R\u00f3\u017cnorodno\u015bci i Antydyskryminacji\u00a0ruszy\u0142\u00a0nasz nowy projekt wspieraj\u0105cy wieloj\u0119zyczno\u015b\u0107.Przewidziany jest na trzy lata. Jeste\u015bmy z tego bardzo radzi. Oto&nbsp;elementy projektu: \u015aled\u017acie nowo\u015bci! B\u0105d\u017acie z nami! Wi\u0119cej o projekcie tutaj<\/p>\n","protected":false},"author":2,"featured_media":7148,"comment_status":"open","ping_status":"closed","sticky":false,"template":"","format":"standard","meta":{"jetpack_post_was_ever_published":false,"_jetpack_newsletter_access":"","_jetpack_dont_email_post_to_subs":false,"_jetpack_newsletter_tier_id":0,"_jetpack_memberships_contains_paywalled_content":false,"_jetpack_memberships_contains_paid_content":false,"footnotes":"","jetpack_publicize_message":"","jetpack_publicize_feature_enabled":true,"jetpack_social_post_already_shared":false,"jetpack_social_options":{"image_generator_settings":{"template":"highway","default_image_id":0,"font":"","enabled":false},"version":2}},"categories":[10],"tags":[],"class_list":["post-5062","post","type-post","status-publish","format-standard","has-post-thumbnail","hentry","category-projekty"],"jetpack_publicize_connections":[],"jetpack_featured_media_url":"https:\/\/i0.wp.com\/sprachcafe-polnisch.org\/wp-content\/uploads\/2023\/08\/logo-1973526.png?fit=1080%2C1080&ssl=1","acf":[],"jetpack-related-posts":[],"jetpack_sharing_enabled":true,"_links":{"self":[{"href":"https:\/\/sprachcafe-polnisch.org\/pl\/wp-json\/wp\/v2\/posts\/5062","targetHints":{"allow":["GET"]}}],"collection":[{"href":"https:\/\/sprachcafe-polnisch.org\/pl\/wp-json\/wp\/v2\/posts"}],"about":[{"href":"https:\/\/sprachcafe-polnisch.org\/pl\/wp-json\/wp\/v2\/types\/post"}],"author":[{"embeddable":true,"href":"https:\/\/sprachcafe-polnisch.org\/pl\/wp-json\/wp\/v2\/users\/2"}],"replies":[{"embeddable":true,"href":"https:\/\/sprachcafe-polnisch.org\/pl\/wp-json\/wp\/v2\/comments?post=5062"}],"version-history":[{"count":1,"href":"https:\/\/sprachcafe-polnisch.org\/pl\/wp-json\/wp\/v2\/posts\/5062\/revisions"}],"predecessor-version":[{"id":7742,"href":"https:\/\/sprachcafe-polnisch.org\/pl\/wp-json\/wp\/v2\/posts\/5062\/revisions\/7742"}],"wp:featuredmedia":[{"embeddable":true,"href":"https:\/\/sprachcafe-polnisch.org\/pl\/wp-json\/wp\/v2\/media\/7148"}],"wp:attachment":[{"href":"https:\/\/sprachcafe-polnisch.org\/pl\/wp-json\/wp\/v2\/media?parent=5062"}],"wp:term":[{"taxonomy":"category","embeddable":true,"href":"https:\/\/sprachcafe-polnisch.org\/pl\/wp-json\/wp\/v2\/categories?post=5062"},{"taxonomy":"post_tag","embeddable":true,"href":"https:\/\/sprachcafe-polnisch.org\/pl\/wp-json\/wp\/v2\/tags?post=5062"}],"curies":[{"name":"wp","href":"https:\/\/api.w.org\/{rel}","templated":true}]}}