{"id":5032,"date":"2023-02-11T16:38:06","date_gmt":"2023-02-11T15:38:06","guid":{"rendered":"https:\/\/sprachcafe-polnisch.org\/?p=5032"},"modified":"2023-02-11T17:22:28","modified_gmt":"2023-02-11T16:22:28","slug":"jestesmy-sobie-potrzebni","status":"publish","type":"post","link":"https:\/\/sprachcafe-polnisch.org\/pl\/2023\/02\/jestesmy-sobie-potrzebni\/","title":{"rendered":"Jeste\u015bmy sobie potrzebni."},"content":{"rendered":"\n<p>Projekt wspiera r\u00f3\u017cnorodne dzia\u0142ania SprachCaf\u00e9 jako miejsca spotka\u0144, kultury i edukacji, kt\u00f3re przyczyniaj\u0105 si\u0119 do integracji i uczestnictwa w dzia\u0142aniach dzielnicy. <br>Oferty s\u0105 niskoprogowe, mi\u0119dzypokoleniowe i mi\u0119dzykulturowe.<br>Dzi\u0119kujemy zespo\u0142owi Biura Integracji \/Urz\u0119dowi Dzielnicy Pankow za wsparcie!<br><br>Cieszymy si\u0119, \u017ce jeste\u015bcie z nami!<\/p>\n","protected":false},"excerpt":{"rendered":"<p>Projekt wspiera r\u00f3\u017cnorodne dzia\u0142ania SprachCaf\u00e9 jako miejsca spotka\u0144, kultury i edukacji, kt\u00f3re przyczyniaj\u0105 si\u0119 do integracji i uczestnictwa w dzia\u0142aniach dzielnicy. Oferty s\u0105 niskoprogowe, mi\u0119dzypokoleniowe i mi\u0119dzykulturowe.Dzi\u0119kujemy zespo\u0142owi Biura Integracji \/Urz\u0119dowi Dzielnicy Pankow za wsparcie! Cieszymy si\u0119, \u017ce jeste\u015bcie z nami!<\/p>\n","protected":false},"author":2,"featured_media":5053,"comment_status":"open","ping_status":"closed","sticky":false,"template":"","format":"standard","meta":{"jetpack_post_was_ever_published":false,"_jetpack_newsletter_access":"","_jetpack_dont_email_post_to_subs":false,"_jetpack_newsletter_tier_id":0,"_jetpack_memberships_contains_paywalled_content":false,"_jetpack_memberships_contains_paid_content":false,"footnotes":"","jetpack_publicize_message":"","jetpack_publicize_feature_enabled":true,"jetpack_social_post_already_shared":false,"jetpack_social_options":{"image_generator_settings":{"template":"highway","default_image_id":0,"font":"","enabled":false},"version":2}},"categories":[10],"tags":[],"class_list":["post-5032","post","type-post","status-publish","format-standard","has-post-thumbnail","hentry","category-projekty"],"jetpack_publicize_connections":[],"jetpack_featured_media_url":"https:\/\/i0.wp.com\/sprachcafe-polnisch.org\/wp-content\/uploads\/2023\/02\/Design-ohne-Titel-64.png?fit=940%2C788&ssl=1","acf":[],"jetpack-related-posts":[],"jetpack_sharing_enabled":true,"_links":{"self":[{"href":"https:\/\/sprachcafe-polnisch.org\/pl\/wp-json\/wp\/v2\/posts\/5032","targetHints":{"allow":["GET"]}}],"collection":[{"href":"https:\/\/sprachcafe-polnisch.org\/pl\/wp-json\/wp\/v2\/posts"}],"about":[{"href":"https:\/\/sprachcafe-polnisch.org\/pl\/wp-json\/wp\/v2\/types\/post"}],"author":[{"embeddable":true,"href":"https:\/\/sprachcafe-polnisch.org\/pl\/wp-json\/wp\/v2\/users\/2"}],"replies":[{"embeddable":true,"href":"https:\/\/sprachcafe-polnisch.org\/pl\/wp-json\/wp\/v2\/comments?post=5032"}],"version-history":[{"count":0,"href":"https:\/\/sprachcafe-polnisch.org\/pl\/wp-json\/wp\/v2\/posts\/5032\/revisions"}],"wp:featuredmedia":[{"embeddable":true,"href":"https:\/\/sprachcafe-polnisch.org\/pl\/wp-json\/wp\/v2\/media\/5053"}],"wp:attachment":[{"href":"https:\/\/sprachcafe-polnisch.org\/pl\/wp-json\/wp\/v2\/media?parent=5032"}],"wp:term":[{"taxonomy":"category","embeddable":true,"href":"https:\/\/sprachcafe-polnisch.org\/pl\/wp-json\/wp\/v2\/categories?post=5032"},{"taxonomy":"post_tag","embeddable":true,"href":"https:\/\/sprachcafe-polnisch.org\/pl\/wp-json\/wp\/v2\/tags?post=5032"}],"curies":[{"name":"wp","href":"https:\/\/api.w.org\/{rel}","templated":true}]}}