{"id":3819,"date":"2022-04-02T12:49:31","date_gmt":"2022-04-02T10:49:31","guid":{"rendered":"https:\/\/sprachcafe-polnisch.org\/?p=3819"},"modified":"2022-12-12T08:53:45","modified_gmt":"2022-12-12T07:53:45","slug":"tuz-obok-na-przyjacielskie-pogawedki-z-polska-kafejka-jezykowa","status":"publish","type":"post","link":"https:\/\/sprachcafe-polnisch.org\/pl\/2022\/04\/tuz-obok-na-przyjacielskie-pogawedki-z-polska-kafejka-jezykowa\/","title":{"rendered":"Tu\u017c obok &#8211; na przyjacielskie pogaw\u0119dki z Polsk\u0105 Kafejk\u0105 J\u0119zykow\u0105\ufffc"},"content":{"rendered":"\n<h2 class=\"wp-block-heading\"><strong><strong>Polska Kafejka J\u0119zykowa nie dzia\u0142a samotnie &#8211; sie\u0107 i wsp\u00f3\u0142praca<\/strong><\/strong><\/h2>\n\n\n\n<p>W rozmowie z Katarzyn\u0105 Niewiedzia\u0142, pe\u0142nomocniczk\u0105 Senatu Berlina ds. Integracji i Migracji<\/p>\n\n\n\n<figure class=\"wp-block-embed is-type-video is-provider-youtube wp-block-embed-youtube wp-embed-aspect-16-9 wp-has-aspect-ratio\"><div class=\"wp-block-embed__wrapper\">\n<iframe loading=\"lazy\" title=\"Im Gespr\u00e4ch mit Katarina Niewiedzial, Berliner Beauftragte f\u00fcr Integration und Migration.\" width=\"960\" height=\"540\" src=\"https:\/\/www.youtube.com\/embed\/5XDDY1deZ3Y?feature=oembed\" frameborder=\"0\" allow=\"accelerometer; autoplay; clipboard-write; encrypted-media; gyroscope; picture-in-picture\" allowfullscreen><\/iframe>\n<\/div><\/figure>\n\n\n\n<p>W rozmowie z Marit\u0105 Orbegoso Alvarez &#8211; kierowniczk\u0105 projektu Migra Up <\/p>\n\n\n\n<figure class=\"wp-block-embed is-type-video is-provider-youtube wp-block-embed-youtube wp-embed-aspect-16-9 wp-has-aspect-ratio\"><div class=\"wp-block-embed__wrapper\">\n<iframe loading=\"lazy\" title=\"Im Gespr\u00e4ch mit Marita Orbegoso Alvarez - Projektleiterin, Migra Up e.V.\" width=\"960\" height=\"540\" src=\"https:\/\/www.youtube.com\/embed\/Y28AZoWrSlA?feature=oembed\" frameborder=\"0\" allow=\"accelerometer; autoplay; clipboard-write; encrypted-media; gyroscope; picture-in-picture\" allowfullscreen><\/iframe>\n<\/div><\/figure>\n\n\n\n<p>W rozmowie z Dari\u0105 Czarli\u0144sk\u0105, Sinnergie e.V.<\/p>\n\n\n\n<figure class=\"wp-block-embed is-type-video is-provider-youtube wp-block-embed-youtube wp-embed-aspect-16-9 wp-has-aspect-ratio\"><div class=\"wp-block-embed__wrapper\">\n<iframe loading=\"lazy\" title=\"Im Gespr\u00e4ch mit Daria Czarli\u0144ska, Sinnergie e.V.\" width=\"960\" height=\"540\" src=\"https:\/\/www.youtube.com\/embed\/E62jmwFv7KY?feature=oembed\" frameborder=\"0\" allow=\"accelerometer; autoplay; clipboard-write; encrypted-media; gyroscope; picture-in-picture\" allowfullscreen><\/iframe>\n<\/div><\/figure>\n\n\n\n<p>W rozmowie z Maciejem Hilarowiczem o projekcje &#8222;Migranci &#8211; oprowadzanie po domu&#8221;&nbsp;<\/p>\n\n\n\n<figure class=\"wp-block-embed is-type-video is-provider-youtube wp-block-embed-youtube wp-embed-aspect-16-9 wp-has-aspect-ratio\"><div class=\"wp-block-embed__wrapper\">\n<iframe loading=\"lazy\" title=\"Im Gespr\u00e4ch mit Maciej Hilarowicz\" width=\"960\" height=\"540\" src=\"https:\/\/www.youtube.com\/embed\/8mgi8oE_G7o?feature=oembed\" frameborder=\"0\" allow=\"accelerometer; autoplay; clipboard-write; encrypted-media; gyroscope; picture-in-picture\" allowfullscreen><\/iframe>\n<\/div><\/figure>\n\n\n\n<p>W rozmowie z Bogus\u0142awem Fleckiem o projekcje &#8222;Migranci &#8211; oprowadzanie po domu&#8221;&nbsp;<\/p>\n\n\n\n<figure class=\"wp-block-embed is-type-video is-provider-youtube wp-block-embed-youtube wp-embed-aspect-16-9 wp-has-aspect-ratio\"><div class=\"wp-block-embed__wrapper\">\n<iframe loading=\"lazy\" title=\"Im Gespr\u00e4ch mit Bogus\u0142aw Fleck\" width=\"960\" height=\"540\" src=\"https:\/\/www.youtube.com\/embed\/VodA8P0Vg5A?feature=oembed\" frameborder=\"0\" allow=\"accelerometer; autoplay; clipboard-write; encrypted-media; gyroscope; picture-in-picture\" allowfullscreen><\/iframe>\n<\/div><\/figure>\n\n\n\n<p>W rozmowie z &#8222;Wietnamsk\u0105 Kafejk\u0105 J\u0119zykow\u0105\u201c<\/p>\n\n\n\n<figure class=\"wp-block-embed is-type-video is-provider-youtube wp-block-embed-youtube wp-embed-aspect-16-9 wp-has-aspect-ratio\"><div class=\"wp-block-embed__wrapper\">\n<iframe loading=\"lazy\" title=\"Im Gespr\u00e4ch mit dem \u201eSprachCaf\u00e9 Vietnamesisch\u201c - Caf\u00e98TV\" width=\"960\" height=\"540\" src=\"https:\/\/www.youtube.com\/embed\/jOvNXm-l9HE?feature=oembed\" frameborder=\"0\" allow=\"accelerometer; autoplay; clipboard-write; encrypted-media; gyroscope; picture-in-picture\" allowfullscreen><\/iframe>\n<\/div><\/figure>\n\n\n\n<h2 class=\"wp-block-heading\"><strong><strong>Polska Kafejka J\u0119zykowa i jej s\u0105siedztwo- aktywni i dzia\u0142acze<\/strong><\/strong><\/h2>\n\n\n\n<figure class=\"wp-block-embed is-type-video is-provider-youtube wp-block-embed-youtube wp-embed-aspect-16-9 wp-has-aspect-ratio\"><div class=\"wp-block-embed__wrapper\">\n<iframe loading=\"lazy\" title=\"Das SprachCaf\u00e9 Polnisch und sein Kiez - Nachbarschaft und Akteure\" width=\"960\" height=\"540\" src=\"https:\/\/www.youtube.com\/embed\/V4hIKFkrCNM?feature=oembed\" frameborder=\"0\" allow=\"accelerometer; autoplay; clipboard-write; encrypted-media; gyroscope; picture-in-picture\" allowfullscreen><\/iframe>\n<\/div><\/figure>\n\n\n\n<h2 class=\"wp-block-heading\"><strong><strong>Polska Kafejka J\u0119zykowa i dar wieloj\u0119zyczno\u015bci &#8211; w s\u0142owach i czynach<\/strong><\/strong><\/h2>\n\n\n\n<p>W rozmowie z King\u0105 Mazur prowadz\u0105c\u0105 warsztaty dwuj\u0119zyczne dla dzieci<\/p>\n\n\n\n<figure class=\"wp-block-embed is-type-video is-provider-youtube wp-block-embed-youtube wp-embed-aspect-16-9 wp-has-aspect-ratio\"><div class=\"wp-block-embed__wrapper\">\n<iframe loading=\"lazy\" title=\"Im Gespr\u00e4ch mit Kinga Mazur, zweisprachige Workshops mit Kindern\" width=\"960\" height=\"540\" src=\"https:\/\/www.youtube.com\/embed\/YFF_MJiX4XM?feature=oembed\" frameborder=\"0\" allow=\"accelerometer; autoplay; clipboard-write; encrypted-media; gyroscope; picture-in-picture\" allowfullscreen><\/iframe>\n<\/div><\/figure>\n\n\n\n<p>W rozmowie z Barbar\u0105 Stillmark prowadz\u0105c\u0105 warsztaty dwuj\u0119zyczne dla dzieci i m\u0142odzie\u017cy<\/p>\n\n\n\n<figure class=\"wp-block-embed is-type-video is-provider-youtube wp-block-embed-youtube wp-embed-aspect-16-9 wp-has-aspect-ratio\"><div class=\"wp-block-embed__wrapper\">\n<iframe loading=\"lazy\" title=\"Im Gespr\u00e4ch mit Barbara Stillmark, zweisprachige Workshops mit Kindern und Jugendlichen\" width=\"960\" height=\"540\" src=\"https:\/\/www.youtube.com\/embed\/N7e8BIl1hK8?feature=oembed\" frameborder=\"0\" allow=\"accelerometer; autoplay; clipboard-write; encrypted-media; gyroscope; picture-in-picture\" allowfullscreen><\/iframe>\n<\/div><\/figure>\n\n\n\n<h3 class=\"wp-block-heading\"><strong><strong>\u201eWieloj\u0119zyczno\u015b\u0107 na co dzie\u0144\u201c<\/strong><\/strong><\/h3>\n\n\n\n<p>W rozmowie z Paulin\u0105 Buttkus, Polska Kafejka J\u0119zykowa, i\u00a0dr Lilian V\u00e1zquez Sandoval, koordynacja projektu, MaMis en Movimiento e.V.<\/p>\n\n\n\n<figure class=\"wp-block-embed is-type-video is-provider-youtube wp-block-embed-youtube wp-embed-aspect-16-9 wp-has-aspect-ratio\"><div class=\"wp-block-embed__wrapper\">\n<iframe loading=\"lazy\" title=\"\u201eGelebte Mehrsprachigkeit\u201c\" width=\"960\" height=\"540\" src=\"https:\/\/www.youtube.com\/embed\/AMK-_sxARpw?feature=oembed\" frameborder=\"0\" allow=\"accelerometer; autoplay; clipboard-write; encrypted-media; gyroscope; picture-in-picture\" allowfullscreen><\/iframe>\n<\/div><\/figure>\n\n\n\n<h3 class=\"wp-block-heading\"><strong><strong>J\u0119zyk polski dla doros\u0142ych<\/strong><\/strong><\/h3>\n\n\n\n<p>W rozmowie z Sandr\u0105 Filip-Badur\u0105<\/p>\n\n\n\n<figure class=\"wp-block-embed is-type-video is-provider-youtube wp-block-embed-youtube wp-embed-aspect-16-9 wp-has-aspect-ratio\"><div class=\"wp-block-embed__wrapper\">\n<iframe loading=\"lazy\" title=\"&quot;Polnisch f\u00fcr Erwachsene&quot;. Im Gespr\u00e4ch mit Sandra Filip-Badura.\" width=\"960\" height=\"540\" src=\"https:\/\/www.youtube.com\/embed\/R2rXzBT6k74?feature=oembed\" frameborder=\"0\" allow=\"accelerometer; autoplay; clipboard-write; encrypted-media; gyroscope; picture-in-picture\" allowfullscreen><\/iframe>\n<\/div><\/figure>\n\n\n\n<h2 class=\"wp-block-heading\"><strong><strong>Serce Polskiej Kafejki J\u0119zykowej &#8211; smako\u0142yki, kalkulacje i nie tylko<\/strong><\/strong><\/h2>\n\n\n\n<p>W rozmowie z Sylwi\u0105 Stander, skarbniczk\u0105 Polskiej Kafejki J\u0119zykowej<\/p>\n\n\n\n<figure class=\"wp-block-embed is-type-video is-provider-youtube wp-block-embed-youtube wp-embed-aspect-16-9 wp-has-aspect-ratio\"><div class=\"wp-block-embed__wrapper\">\n<iframe loading=\"lazy\" title=\"Im Gespr\u00e4ch mit Sylwia Stander, Schatzmeisterin, SprachCaf\u00e9 Polnisch e.V.\" width=\"960\" height=\"540\" src=\"https:\/\/www.youtube.com\/embed\/4ijhRmKRTVI?feature=oembed\" frameborder=\"0\" allow=\"accelerometer; autoplay; clipboard-write; encrypted-media; gyroscope; picture-in-picture\" allowfullscreen><\/iframe>\n<\/div><\/figure>\n\n\n\n<p><strong>W rozmowie z Larsem Kosmehlem<\/strong><\/p>\n\n\n\n<figure class=\"wp-block-embed is-type-video is-provider-youtube wp-block-embed-youtube wp-embed-aspect-16-9 wp-has-aspect-ratio\"><div class=\"wp-block-embed__wrapper\">\n<iframe loading=\"lazy\" title=\"Im Gespr\u00e4ch mit Lars Kosmehl\" width=\"960\" height=\"540\" src=\"https:\/\/www.youtube.com\/embed\/GwTzo0R84d0?feature=oembed\" frameborder=\"0\" allow=\"accelerometer; autoplay; clipboard-write; encrypted-media; gyroscope; picture-in-picture\" allowfullscreen><\/iframe>\n<\/div><\/figure>\n\n\n\n<h2 class=\"wp-block-heading\"><strong><strong><strong><strong>O kreatywno\u015bci i sztuce w Polskiej Kafejce J\u0119zykowej<\/strong><\/strong><\/strong><\/strong><\/h2>\n\n\n\n<p>W rozmowie z Aleksandr\u0105 Gajd\u0105<\/p>\n\n\n\n<figure class=\"wp-block-embed is-type-video is-provider-youtube wp-block-embed-youtube wp-embed-aspect-16-9 wp-has-aspect-ratio\"><div class=\"wp-block-embed__wrapper\">\n<iframe loading=\"lazy\" title=\"Im Gespr\u00e4ch mit Aleksandra Gajda\" width=\"960\" height=\"540\" src=\"https:\/\/www.youtube.com\/embed\/_9QfLFVIR8w?feature=oembed\" frameborder=\"0\" allow=\"accelerometer; autoplay; clipboard-write; encrypted-media; gyroscope; picture-in-picture\" allowfullscreen><\/iframe>\n<\/div><\/figure>\n\n\n\n<h3 class=\"wp-block-heading\"><strong>\u201eCo nas porusza\u201c &#8211; wystawa w\u0119drowna<\/strong><\/h3>\n\n\n\n<p>W rozmowie z Agat\u0105 Koch, inicjatork\u0105 Polskiej Kafejki J\u0119zykowej<\/p>\n\n\n\n<figure class=\"wp-block-embed is-type-video is-provider-youtube wp-block-embed-youtube wp-embed-aspect-16-9 wp-has-aspect-ratio\"><div class=\"wp-block-embed__wrapper\">\n<iframe loading=\"lazy\" title=\"\u201eWas uns bewegt\u201c - eine Ausstellung. Im Gespr\u00e4ch mit Agata Koch, Initiatorin des SprachCaf\u00e9 Polnisch\" width=\"960\" height=\"540\" src=\"https:\/\/www.youtube.com\/embed\/FFRi0oaSzsY?feature=oembed\" frameborder=\"0\" allow=\"accelerometer; autoplay; clipboard-write; encrypted-media; gyroscope; picture-in-picture\" allowfullscreen><\/iframe>\n<\/div><\/figure>\n\n\n\n<h2 class=\"wp-block-heading\"><strong><strong>O pisaniu w Polskiej Kafejce J\u0119zykowej<\/strong><\/strong><\/h2>\n\n\n\n<p>W rozmowie z Brygid\u0105 Helbig, Jonem Kirchnerem, Sibill\u0105 Roth i Natali\u0105 Wasserman<\/p>\n\n\n\n<figure class=\"wp-block-embed is-type-video is-provider-youtube wp-block-embed-youtube wp-embed-aspect-16-9 wp-has-aspect-ratio\"><div class=\"wp-block-embed__wrapper\">\n<iframe loading=\"lazy\" title=\"Im Gespr\u00e4ch mit Brygida Helbig, Jona Kirchner, Sibille Roth und Natalie Wasserman\" width=\"960\" height=\"540\" src=\"https:\/\/www.youtube.com\/embed\/kIXChlH3xxQ?feature=oembed\" frameborder=\"0\" allow=\"accelerometer; autoplay; clipboard-write; encrypted-media; gyroscope; picture-in-picture\" allowfullscreen><\/iframe>\n<\/div><\/figure>\n\n\n\n<h2 class=\"wp-block-heading\"><strong><strong>O (bo\u017conarodzeniowym) \u015bwi\u0119towaniu w Polskiej Kafejce J\u0119zykowej<\/strong><\/strong><\/h2>\n\n\n\n<figure class=\"wp-block-embed is-type-video is-provider-youtube wp-block-embed-youtube wp-embed-aspect-16-9 wp-has-aspect-ratio\"><div class=\"wp-block-embed__wrapper\">\n<iframe loading=\"lazy\" title=\"Vom (Weihnachts-)Feiern im SprachCaf\u00e9 Polnisch\" width=\"960\" height=\"540\" src=\"https:\/\/www.youtube.com\/embed\/y1kLt1nzhio?feature=oembed\" frameborder=\"0\" allow=\"accelerometer; autoplay; clipboard-write; encrypted-media; gyroscope; picture-in-picture\" allowfullscreen><\/iframe>\n<\/div><\/figure>\n\n\n\n<div style=\"height:48px\" aria-hidden=\"true\" class=\"wp-block-spacer\"><\/div>\n\n\n\n<figure class=\"wp-block-table\"><table><tbody><tr><td><strong><strong>Koncepcja, realizacja projektu, redakcja:<\/strong><\/strong> Agata Koch, Natalie Wasserman<br><strong><strong>Autor zdj\u0119\u0107<\/strong>:<\/strong> Micha\u0142 Kami\u0144ski<br><strong><strong>Autorzy zdj\u0119\u0107<\/strong>:\u00a0<\/strong>Binh Hoang <em>(&#8222;<em>W rozmowie z Larsem Kosmehlem<\/em><\/em>&#8222;), Hongwai Yuan<em> (&#8222;<em>O (bo\u017conarodzeniowym) \u015bwi\u0119towaniu w Polskiej Kafejce J\u0119zykowej<\/em><\/em>&#8221; oraz &#8222;O pisaniu w Polskiej Kafejce J\u0119zykowej&#8221;<br><strong>D<strong>\u017awi\u0119k<\/strong>:<\/strong> Micha\u0142 Kami\u0144ski<br><strong><strong>Monta\u017c<\/strong>:<\/strong> Micha\u0142 Kami\u0144ski<br><strong><strong>Grafika i animacja<\/strong>: <\/strong>Micha\u0142 Kami\u0144ski<br><strong><strong>Napisy<\/strong> w j\u0119zyku <strong><strong>niemieckim<\/strong><\/strong><\/strong><strong>: <\/strong>Natalie Wasserman<\/td><\/tr><\/tbody><\/table><\/figure>\n\n\n\n<div class=\"wp-block-media-text alignwide is-stacked-on-mobile\" style=\"grid-template-columns:25% auto\"><figure class=\"wp-block-media-text__media\"><img data-recalc-dims=\"1\" loading=\"lazy\" decoding=\"async\" width=\"603\" height=\"865\" src=\"https:\/\/i0.wp.com\/sprachcafe-polnisch.org\/wp-content\/uploads\/2022\/03\/FEIN-Logo.jpg?resize=603%2C865&#038;ssl=1\" alt=\"\" class=\"wp-image-3104 size-full\" srcset=\"https:\/\/i0.wp.com\/sprachcafe-polnisch.org\/wp-content\/uploads\/2022\/03\/FEIN-Logo.jpg?w=603&amp;ssl=1 603w, https:\/\/i0.wp.com\/sprachcafe-polnisch.org\/wp-content\/uploads\/2022\/03\/FEIN-Logo.jpg?resize=209%2C300&amp;ssl=1 209w\" sizes=\"auto, (max-width: 603px) 100vw, 603px\" \/><\/figure><div class=\"wp-block-media-text__content\">\n<p><strong><strong>Dzi\u0119kujemy serdecznie wszystkim, kt\u00f3rzy nam udzielili wywiad\u00f3w i w ten spos\u00f3b pomogli nam zaprezentowa\u0107 prac\u0119 Polskiej Kafejki J\u0119zykowej w \u017cywy spos\u00f3b w formie filmik\u00f3w.<\/strong><\/strong><\/p>\n\n\n\n<p><strong><strong>Dzi\u0119kujemy serdecznie wszystkim, kt\u00f3rzy nas wspierali przy realizacji tego projektu, <\/strong><\/strong>w szczeg\u00f3lno\u015bci urz\u0119dowi dzielnicy Pankow,  <strong>Bezirksamt Pankow, Integrationsb\u00fcro <\/strong>oraz <strong>Senatsverwaltung f\u00fcr Stadtentwicklung, Bauen und Wohnen<\/strong><\/p>\n\n\n\n<p><strong>\u00a9 2021 SprachCaf\u00e9 Polnisch e.V.&nbsp;<\/strong><\/p>\n\n\n\n<p><strong>Projekt zosta\u0142 wsp\u00f3\u0142finansowany przez <\/strong><strong>FEIN PILOT-Projekt 2021 &#8222;SprachCaf\u00e9 2.0&#8221;.<\/strong><\/p>\n<\/div><\/div>\n","protected":false},"excerpt":{"rendered":"<p>Polska Kafejka J\u0119zykowa nie dzia\u0142a samotnie &#8211; sie\u0107 i wsp\u00f3\u0142praca W rozmowie z Katarzyn\u0105 Niewiedzia\u0142, pe\u0142nomocniczk\u0105 Senatu Berlina ds. Integracji i Migracji W rozmowie z Marit\u0105 Orbegoso Alvarez &#8211; kierowniczk\u0105 projektu Migra Up W rozmowie z Dari\u0105 Czarli\u0144sk\u0105, Sinnergie e.V. W rozmowie z Maciejem Hilarowiczem o projekcje &#8222;Migranci &#8211; oprowadzanie po domu&#8221;&nbsp; W rozmowie z Bogus\u0142awem Fleckiem o projekcje &#8222;Migranci &#8211; oprowadzanie po domu&#8221;&nbsp; W rozmowie z &#8222;Wietnamsk\u0105 Kafejk\u0105 J\u0119zykow\u0105\u201c Polska Kafejka J\u0119zykowa i jej s\u0105siedztwo- aktywni i dzia\u0142acze Polska Kafejka J\u0119zykowa i dar wieloj\u0119zyczno\u015bci &#8211; w s\u0142owach i czynach W rozmowie z King\u0105 Mazur prowadz\u0105c\u0105 warsztaty dwuj\u0119zyczne dla dzieci W rozmowie z Barbar\u0105 Stillmark prowadz\u0105c\u0105 warsztaty dwuj\u0119zyczne dla dzieci i m\u0142odzie\u017cy \u201eWieloj\u0119zyczno\u015b\u0107 na co dzie\u0144\u201c W rozmowie z Paulin\u0105 Buttkus, Polska Kafejka J\u0119zykowa, i\u00a0dr Lilian V\u00e1zquez Sandoval, koordynacja projektu, MaMis en Movimiento e.V. J\u0119zyk polski dla doros\u0142ych W rozmowie z Sandr\u0105 Filip-Badur\u0105 Serce Polskiej Kafejki J\u0119zykowej &#8211; smako\u0142yki, kalkulacje i nie tylko W rozmowie z Sylwi\u0105 Stander, skarbniczk\u0105 Polskiej Kafejki J\u0119zykowej W rozmowie z Larsem Kosmehlem O kreatywno\u015bci i sztuce w Polskiej Kafejce J\u0119zykowej W rozmowie z Aleksandr\u0105 Gajd\u0105 \u201eCo nas porusza\u201c &#8211; wystawa w\u0119drowna W rozmowie z Agat\u0105 Koch, inicjatork\u0105 Polskiej Kafejki J\u0119zykowej O pisaniu w Polskiej Kafejce J\u0119zykowej W rozmowie z Brygid\u0105 Helbig, Jonem Kirchnerem, Sibill\u0105 Roth i Natali\u0105 Wasserman O (bo\u017conarodzeniowym) \u015bwi\u0119towaniu w Polskiej Kafejce J\u0119zykowej Koncepcja, realizacja projektu, redakcja: Agata Koch, Natalie WassermanAutor zdj\u0119\u0107: Micha\u0142 Kami\u0144skiAutorzy zdj\u0119\u0107:\u00a0Binh Hoang (&#8222;W rozmowie z Larsem Kosmehlem&#8222;), Hongwai Yuan (&#8222;O (bo\u017conarodzeniowym) \u015bwi\u0119towaniu w Polskiej Kafejce J\u0119zykowej&#8221; oraz &#8222;O pisaniu w Polskiej Kafejce J\u0119zykowej&#8221;D\u017awi\u0119k: Micha\u0142 Kami\u0144skiMonta\u017c: Micha\u0142 Kami\u0144skiGrafika i animacja: Micha\u0142 Kami\u0144skiNapisy w j\u0119zyku niemieckim: Natalie Wasserman Dzi\u0119kujemy serdecznie wszystkim, kt\u00f3rzy nam udzielili wywiad\u00f3w i w ten spos\u00f3b pomogli nam zaprezentowa\u0107 prac\u0119 Polskiej Kafejki J\u0119zykowej w \u017cywy spos\u00f3b w formie filmik\u00f3w. Dzi\u0119kujemy serdecznie wszystkim, kt\u00f3rzy nas wspierali przy realizacji tego projektu, w szczeg\u00f3lno\u015bci urz\u0119dowi dzielnicy Pankow, Bezirksamt Pankow, Integrationsb\u00fcro oraz Senatsverwaltung f\u00fcr Stadtentwicklung, Bauen und Wohnen \u00a9 2021 SprachCaf\u00e9 Polnisch e.V.&nbsp; Projekt zosta\u0142 wsp\u00f3\u0142finansowany przez FEIN PILOT-Projekt 2021 &#8222;SprachCaf\u00e9 2.0&#8221;.<\/p>\n","protected":false},"author":1,"featured_media":3909,"comment_status":"open","ping_status":"closed","sticky":false,"template":"","format":"standard","meta":{"jetpack_post_was_ever_published":false,"_jetpack_newsletter_access":"","_jetpack_dont_email_post_to_subs":false,"_jetpack_newsletter_tier_id":0,"_jetpack_memberships_contains_paywalled_content":false,"_jetpack_memberships_contains_paid_content":false,"footnotes":"","jetpack_publicize_message":"","jetpack_publicize_feature_enabled":true,"jetpack_social_post_already_shared":false,"jetpack_social_options":{"image_generator_settings":{"template":"highway","default_image_id":0,"font":"","enabled":false},"version":2}},"categories":[19,21],"tags":[],"class_list":["post-3819","post","type-post","status-publish","format-standard","has-post-thumbnail","hentry","category-special-2","category-u-nas"],"jetpack_publicize_connections":[],"jetpack_featured_media_url":"https:\/\/i0.wp.com\/sprachcafe-polnisch.org\/wp-content\/uploads\/2022\/04\/IMG_5555-kl.jpg?fit=591%2C443&ssl=1","acf":[],"jetpack-related-posts":[],"jetpack_sharing_enabled":true,"_links":{"self":[{"href":"https:\/\/sprachcafe-polnisch.org\/pl\/wp-json\/wp\/v2\/posts\/3819","targetHints":{"allow":["GET"]}}],"collection":[{"href":"https:\/\/sprachcafe-polnisch.org\/pl\/wp-json\/wp\/v2\/posts"}],"about":[{"href":"https:\/\/sprachcafe-polnisch.org\/pl\/wp-json\/wp\/v2\/types\/post"}],"author":[{"embeddable":true,"href":"https:\/\/sprachcafe-polnisch.org\/pl\/wp-json\/wp\/v2\/users\/1"}],"replies":[{"embeddable":true,"href":"https:\/\/sprachcafe-polnisch.org\/pl\/wp-json\/wp\/v2\/comments?post=3819"}],"version-history":[{"count":0,"href":"https:\/\/sprachcafe-polnisch.org\/pl\/wp-json\/wp\/v2\/posts\/3819\/revisions"}],"wp:featuredmedia":[{"embeddable":true,"href":"https:\/\/sprachcafe-polnisch.org\/pl\/wp-json\/wp\/v2\/media\/3909"}],"wp:attachment":[{"href":"https:\/\/sprachcafe-polnisch.org\/pl\/wp-json\/wp\/v2\/media?parent=3819"}],"wp:term":[{"taxonomy":"category","embeddable":true,"href":"https:\/\/sprachcafe-polnisch.org\/pl\/wp-json\/wp\/v2\/categories?post=3819"},{"taxonomy":"post_tag","embeddable":true,"href":"https:\/\/sprachcafe-polnisch.org\/pl\/wp-json\/wp\/v2\/tags?post=3819"}],"curies":[{"name":"wp","href":"https:\/\/api.w.org\/{rel}","templated":true}]}}