{"id":2888,"date":"2022-01-08T20:31:55","date_gmt":"2022-01-08T19:31:55","guid":{"rendered":"https:\/\/sprachcafe-polnisch.org\/?p=2888"},"modified":"2022-03-23T21:04:20","modified_gmt":"2022-03-23T20:04:20","slug":"fein-pilotprojekt-2022","status":"publish","type":"post","link":"https:\/\/sprachcafe-polnisch.org\/pl\/2022\/01\/fein-pilotprojekt-2022\/","title":{"rendered":"SprachCaf\u00e9 2.0 &#8211; FEIN-PilotPROJEKT 2022"},"content":{"rendered":"\n<p>FEIN \u2013&nbsp;<strong>Freiwilliges Engagement In Nachbarschaften<\/strong>: SprachCaf\u00e9 2.0<\/p>\n\n\n\n<p>Ziel ist die St\u00e4rkung des nachbarschaftlichen Engagements, die Aktivierung des ehrenamtlichen Interesses sowie die Stabilisierung des Wohnumfeldes und der sozialen Strukturen.<\/p>\n\n\n\n<ul class=\"wp-block-list\"><li>Koordianationsstelle f\u00fcr freiwilliges Engagement<\/li><li>Professionalisierung der Partizipation der Freiwilligen<\/li><li>BegegnungsCaf\u00e9<\/li><li>Vernetzung in der Nachbarschaft<\/li><li>Kommunikation und \u00d6ffentlichkeitsarbeit<\/li><\/ul>\n\n\n\n<p>Das Projekt wird durch die&nbsp;<a rel=\"noreferrer noopener\" href=\"https:\/\/www.stadtentwicklung.berlin.de\/staedtebau\/foerderprogramme\/fein\/index.shtml\" target=\"_blank\">Senatsverwaltung f\u00fcr Stadtentwicklung und Wohnen<\/a>&nbsp;sowie das&nbsp;<a rel=\"noreferrer noopener\" href=\"https:\/\/www.berlin.de\/ba-pankow\/politik-und-verwaltung\/beauftragte\/integration\/\" target=\"_blank\">Bezirksamt Pankow<\/a>&nbsp;gef\u00f6rdert.<\/p>\n","protected":false},"excerpt":{"rendered":"<p>FEIN \u2013&nbsp;Freiwilliges Engagement In Nachbarschaften: SprachCaf\u00e9 2.0 Ziel ist die St\u00e4rkung des nachbarschaftlichen Engagements, die Aktivierung des ehrenamtlichen Interesses sowie die Stabilisierung des Wohnumfeldes und der sozialen Strukturen. Koordianationsstelle f\u00fcr freiwilliges Engagement Professionalisierung der Partizipation der Freiwilligen BegegnungsCaf\u00e9 Vernetzung in der Nachbarschaft Kommunikation und \u00d6ffentlichkeitsarbeit Das Projekt wird durch die&nbsp;Senatsverwaltung f\u00fcr Stadtentwicklung und Wohnen&nbsp;sowie das&nbsp;Bezirksamt Pankow&nbsp;gef\u00f6rdert.<\/p>\n","protected":false},"author":1,"featured_media":3101,"comment_status":"open","ping_status":"closed","sticky":false,"template":"","format":"standard","meta":{"jetpack_post_was_ever_published":false,"_jetpack_newsletter_access":"","_jetpack_dont_email_post_to_subs":false,"_jetpack_newsletter_tier_id":0,"_jetpack_memberships_contains_paywalled_content":false,"_jetpack_memberships_contains_paid_content":false,"footnotes":"","jetpack_publicize_message":"","jetpack_publicize_feature_enabled":true,"jetpack_social_post_already_shared":false,"jetpack_social_options":{"image_generator_settings":{"template":"highway","default_image_id":0,"font":"","enabled":false},"version":2}},"categories":[10],"tags":[],"class_list":["post-2888","post","type-post","status-publish","format-standard","has-post-thumbnail","hentry","category-projekty"],"jetpack_publicize_connections":[],"jetpack_featured_media_url":"https:\/\/i0.wp.com\/sprachcafe-polnisch.org\/wp-content\/uploads\/2022\/01\/KWADRATOWA-GRAFIKA-NA-STRONE-INTERNETOWA-2.png?fit=2380%2C2380&ssl=1","acf":[],"jetpack-related-posts":[],"jetpack_sharing_enabled":true,"_links":{"self":[{"href":"https:\/\/sprachcafe-polnisch.org\/pl\/wp-json\/wp\/v2\/posts\/2888","targetHints":{"allow":["GET"]}}],"collection":[{"href":"https:\/\/sprachcafe-polnisch.org\/pl\/wp-json\/wp\/v2\/posts"}],"about":[{"href":"https:\/\/sprachcafe-polnisch.org\/pl\/wp-json\/wp\/v2\/types\/post"}],"author":[{"embeddable":true,"href":"https:\/\/sprachcafe-polnisch.org\/pl\/wp-json\/wp\/v2\/users\/1"}],"replies":[{"embeddable":true,"href":"https:\/\/sprachcafe-polnisch.org\/pl\/wp-json\/wp\/v2\/comments?post=2888"}],"version-history":[{"count":0,"href":"https:\/\/sprachcafe-polnisch.org\/pl\/wp-json\/wp\/v2\/posts\/2888\/revisions"}],"wp:featuredmedia":[{"embeddable":true,"href":"https:\/\/sprachcafe-polnisch.org\/pl\/wp-json\/wp\/v2\/media\/3101"}],"wp:attachment":[{"href":"https:\/\/sprachcafe-polnisch.org\/pl\/wp-json\/wp\/v2\/media?parent=2888"}],"wp:term":[{"taxonomy":"category","embeddable":true,"href":"https:\/\/sprachcafe-polnisch.org\/pl\/wp-json\/wp\/v2\/categories?post=2888"},{"taxonomy":"post_tag","embeddable":true,"href":"https:\/\/sprachcafe-polnisch.org\/pl\/wp-json\/wp\/v2\/tags?post=2888"}],"curies":[{"name":"wp","href":"https:\/\/api.w.org\/{rel}","templated":true}]}}