{"id":2787,"date":"2021-12-22T12:33:19","date_gmt":"2021-12-22T11:33:19","guid":{"rendered":"https:\/\/sprachcafe-polnisch.org\/?p=2787"},"modified":"2021-12-22T12:34:51","modified_gmt":"2021-12-22T11:34:51","slug":"kalendarz-2022-z-okazji-10-lecia-kafejki","status":"publish","type":"post","link":"https:\/\/sprachcafe-polnisch.org\/pl\/2021\/12\/kalendarz-2022-z-okazji-10-lecia-kafejki\/","title":{"rendered":"Kalendarz 2022 &#038; Co. z okazji 10-lecia Kafejki"},"content":{"rendered":"\n<p>Jak ju\u017c&nbsp;wiecie, przez ca\u0142e miesi\u0105ce pracowali\u015bmy nad naszym kolejnym, ju\u017c tradycyjnym, rocznym kalendarzem. Jest gotowy.<br>Tym razem jest to jego wyj\u0105tkowe wydanie, gdy\u017c przed nami&nbsp;nadchodz\u0105cy<strong>&nbsp;jubileusz 10-lecia Kafejki!&nbsp;<\/strong><\/p>\n\n\n\n<p>Drodzy, kiedy ten czas min\u0105\u0142!? Z tym kalendarzem wi\u0105\u017ce si\u0119&nbsp;wiele wspomnie\u0144. Dla ka\u017cdego z nas s\u0105 to mo\u017ce&nbsp;inne wspomnienia? <strong>Wspaniale, \u017ce jeste\u015bcie!<\/strong><\/p>\n\n\n\n<p>W kalendarzu zobaczycie&nbsp;niekt\u00f3re&nbsp;<strong>twarze&nbsp;<\/strong>oraz&nbsp;<strong>wypowiedzi os\u00f3b tworz\u0105cych Kafejk\u0119 przez te 10 lat<\/strong>. To tylko cz\u0119\u015b\u0107 z nich. Ten kalendarz to&nbsp;nie tylko&nbsp;<strong>podsumowanie&nbsp;<\/strong>tego czasu, ale przede wszystkim&nbsp;<strong>du\u017ca doza inspiracji<\/strong>&nbsp;dla wielu os\u00f3b oraz&nbsp;inicjatyw i stowarzysze\u0144 my\u015bl\u0105cych o rozwoju oraz zach\u0119ta do odwa\u017cnego spojrzenia&nbsp;w przysz\u0142o\u015b\u0107.<\/p>\n\n\n\n<h2 class=\"wp-block-heading\"><strong>A mo\u017ce to te\u017c pomys\u0142 na nietuzinkowy&nbsp;<strong>prezent<\/strong>?<\/strong><\/h2>\n\n\n\n<p>Tu teraz<strong>&nbsp;szczeg\u00f3\u0142y<\/strong>: <\/p>\n\n\n\n<ul class=\"wp-block-list\"><li>format A3, <\/li><li>14 kart na spirali, <\/li><li>do zawieszenia na \u015bcianie, <\/li><li>opisy w j\u0119zyku niemieckim, <\/li><li>wst\u0119p po polsku i po niemiecku, <\/li><li>obie wersje j\u0119zykowe DE i PL znajd\u0105 si\u0119 tu\u017c po \u015bwi\u0119tach&nbsp;<strong>online&nbsp;<\/strong>na naszej&nbsp;<a rel=\"noreferrer noopener\" href=\"https:\/\/sprachcafe-polnisch.org\/pl\/\" target=\"_blank\">stronie internetowej<\/a>.<\/li><\/ul>\n\n\n\n<blockquote class=\"wp-block-quote has-text-align-center is-layout-flow wp-block-quote-is-layout-flow\"><p>Kalendarz jest dla Was&nbsp;<strong>bezp\u0142atny<\/strong>. Radzi b\u0119dziemy jednak z dobrowolnych datk\u00f3w na cele stowarzyszeniowe.<\/p><\/blockquote>\n\n\n\n<h2 class=\"wp-block-heading\"><strong><span style=\"background-color: rgba(0, 0, 0, 0.2);\">W<\/span> Kafejce lub<\/strong> <strong>poczt\u0105<\/strong><\/h2>\n\n\n\n<p><strong>Kalendarze czekaj\u0105 na Was<\/strong>&nbsp;w Kafejce na Schulze 1, 13187 Berlin-Pankow, w godzinach otwarcia: od poniedzia\u0142ku do pi\u0105tku w godz. 10.00-18.00 &#8211; od 03.01.2021. Nadchodz\u0105ce dni to czas nieregularnej pracy Kafejki, mo\u017cecie kontaktowa\u0107 si\u0119 z nami telefonicznie: 0160 99 68 00 59 (opr\u00f3cz \u015bwi\u0105t).&nbsp;B\u0119dzie nam mi\u0142o Was tu spotka\u0107 (2G+maska).&nbsp;<\/p>\n\n\n\n<p>Aktualne godziny <a href=\"https:\/\/sprachcafe-polnisch.org\/pl\/corona-info\/\" target=\"_blank\" rel=\"noreferrer noopener\">otwarcia Kafejki<\/a> oraz <a rel=\"noreferrer noopener\" href=\"https:\/\/sprachcafe-polnisch.org\/wp-content\/uploads\/2021\/11\/Hygieneplan-Info-27.11.2021.pdf\" target=\"_blank\">zasady higieny<\/a>.<\/p>\n\n\n\n<p>Kalendarze mo\u017cemy Wam te\u017c przes\u0142a\u0107&nbsp;<strong>poczt\u0105<\/strong>&nbsp;za op\u0142at\u0105 6,-\u20ac za porto na terenie Niemiec. Zam\u00f3wienia prosimy kierowa\u0107 na adres: bibliothek@sprachcafe-polnisch.org.<\/p>\n\n\n\n<h2 class=\"wp-block-heading\">Kalender &amp; Co.<\/h2>\n\n\n\n<p>Opr\u00f3cz kalendarzy mo\u017cna&nbsp;dosta\u0107 tu teraz te\u017c&nbsp;<strong>bawe\u0142niane torby<\/strong>&nbsp;na ksi\u0105\u017cki czy drobne zakupy oraz&nbsp;<strong>kubeczki&nbsp;<\/strong>&#8211; z nadrukiem motyw\u00f3w&nbsp;Kafejki &#8211; przede wszystkim jako&nbsp;<strong>podzi\u0119kowanie&nbsp;<\/strong>dla naszych wspania\u0142ych&nbsp;<strong>Wolontariuszek i Wolontariuszy<\/strong>,&nbsp;<strong>Partner\u00f3w&nbsp;<\/strong>kooperacyjnych oraz&nbsp;<strong>Fanek i Fan\u00f3w<\/strong>&nbsp;Kafejki za wsp\u00f3lnie sp\u0119dzony&nbsp;czas i niepowtarzalny&nbsp;wk\u0142ad do jej dzia\u0142a\u0144! <\/p>\n\n\n\n<p>To&nbsp;<strong>edycja limitowana<\/strong>.&nbsp;<strong>Przybywajcie<\/strong>, rezerwujcie:&nbsp;bibliothek@sprachcafe-polisch.org!<\/p>\n\n\n\n<figure class=\"wp-block-table\"><table><tbody><tr><td class=\"has-text-align-center\" data-align=\"center\"><em>Kalendarz powsta\u0142 przy wsparciu\u00a0projekt\u00f3w\u00a0<em>SprachCaf\u00e9 2.0.: <\/em><\/em><em><a rel=\"noreferrer noopener\" href=\"https:\/\/sprachcafe-polnisch.org\/pl\/2020\/12\/fein-pilotprojekt\/\" target=\"_blank\">FEIN-Pilotprojekt<\/a> sowie\u00a0<a rel=\"noreferrer noopener\" href=\"https:\/\/sprachcafe-polnisch.org\/pl\/2020\/12\/zrownowazony-rozwoj-w-sasiedztwie\/\" target=\"_blank\"><em><em>Rozw\u00f3j zr\u00f3wnowa\u017cony w s\u0105siedztwie<\/em><\/em>\/Demokratie leben<\/a>. Unikatowe kafejkowe upominki powsta\u0142y przy wsparciu\u00a0projektu\u00a0<em>SprachCaf\u00e9 2.0.: <a rel=\"noreferrer noopener\" href=\"https:\/\/sprachcafe-polnisch.org\/pl\/2020\/12\/fein-pilotprojekt\/\" target=\"_blank\">FEIN-Pilotprojekt<\/a>.<\/em>\u00a0<\/em><\/td><\/tr><\/tbody><\/table><\/figure>\n\n\n\n<p><em><em><strong>Jeste\u015bmy wdzi\u0119czni<\/strong><\/em><\/em>!<\/p>\n","protected":false},"excerpt":{"rendered":"<p>Jak ju\u017c&nbsp;wiecie, przez ca\u0142e miesi\u0105ce pracowali\u015bmy nad naszym kolejnym, ju\u017c tradycyjnym, rocznym kalendarzem. Jest gotowy.Tym razem jest to jego wyj\u0105tkowe wydanie, gdy\u017c przed nami&nbsp;nadchodz\u0105cy&nbsp;jubileusz 10-lecia Kafejki!&nbsp; Drodzy, kiedy ten czas min\u0105\u0142!? Z tym kalendarzem wi\u0105\u017ce si\u0119&nbsp;wiele wspomnie\u0144. Dla ka\u017cdego z nas s\u0105 to mo\u017ce&nbsp;inne wspomnienia? Wspaniale, \u017ce jeste\u015bcie! W kalendarzu zobaczycie&nbsp;niekt\u00f3re&nbsp;twarze&nbsp;oraz&nbsp;wypowiedzi os\u00f3b tworz\u0105cych Kafejk\u0119 przez te 10 lat. To tylko cz\u0119\u015b\u0107 z nich. Ten kalendarz to&nbsp;nie tylko&nbsp;podsumowanie&nbsp;tego czasu, ale przede wszystkim&nbsp;du\u017ca doza inspiracji&nbsp;dla wielu os\u00f3b oraz&nbsp;inicjatyw i stowarzysze\u0144 my\u015bl\u0105cych o rozwoju oraz zach\u0119ta do odwa\u017cnego spojrzenia&nbsp;w przysz\u0142o\u015b\u0107. A mo\u017ce to te\u017c pomys\u0142 na nietuzinkowy&nbsp;prezent? Tu teraz&nbsp;szczeg\u00f3\u0142y: format A3, 14 kart na spirali, do zawieszenia na \u015bcianie, opisy w j\u0119zyku niemieckim, wst\u0119p po polsku i po niemiecku, obie wersje j\u0119zykowe DE i PL znajd\u0105 si\u0119 tu\u017c po \u015bwi\u0119tach&nbsp;online&nbsp;na naszej&nbsp;stronie internetowej. Kalendarz jest dla Was&nbsp;bezp\u0142atny. Radzi b\u0119dziemy jednak z dobrowolnych datk\u00f3w na cele stowarzyszeniowe. W Kafejce lub poczt\u0105 Kalendarze czekaj\u0105 na Was&nbsp;w Kafejce na Schulze 1, 13187 Berlin-Pankow, w godzinach otwarcia: od poniedzia\u0142ku do pi\u0105tku w godz. 10.00-18.00 &#8211; od 03.01.2021. Nadchodz\u0105ce dni to czas nieregularnej pracy Kafejki, mo\u017cecie kontaktowa\u0107 si\u0119 z nami telefonicznie: 0160 99 68 00 59 (opr\u00f3cz \u015bwi\u0105t).&nbsp;B\u0119dzie nam mi\u0142o Was tu spotka\u0107 (2G+maska).&nbsp; Aktualne godziny otwarcia Kafejki oraz zasady higieny. Kalendarze mo\u017cemy Wam te\u017c przes\u0142a\u0107&nbsp;poczt\u0105&nbsp;za op\u0142at\u0105 6,-\u20ac za porto na terenie Niemiec. Zam\u00f3wienia prosimy kierowa\u0107 na adres: bibliothek@sprachcafe-polnisch.org. Kalender &amp; Co. Opr\u00f3cz kalendarzy mo\u017cna&nbsp;dosta\u0107 tu teraz te\u017c&nbsp;bawe\u0142niane torby&nbsp;na ksi\u0105\u017cki czy drobne zakupy oraz&nbsp;kubeczki&nbsp;&#8211; z nadrukiem motyw\u00f3w&nbsp;Kafejki &#8211; przede wszystkim jako&nbsp;podzi\u0119kowanie&nbsp;dla naszych wspania\u0142ych&nbsp;Wolontariuszek i Wolontariuszy,&nbsp;Partner\u00f3w&nbsp;kooperacyjnych oraz&nbsp;Fanek i Fan\u00f3w&nbsp;Kafejki za wsp\u00f3lnie sp\u0119dzony&nbsp;czas i niepowtarzalny&nbsp;wk\u0142ad do jej dzia\u0142a\u0144! To&nbsp;edycja limitowana.&nbsp;Przybywajcie, rezerwujcie:&nbsp;bibliothek@sprachcafe-polisch.org! Kalendarz powsta\u0142 przy wsparciu\u00a0projekt\u00f3w\u00a0SprachCaf\u00e9 2.0.: FEIN-Pilotprojekt sowie\u00a0Rozw\u00f3j zr\u00f3wnowa\u017cony w s\u0105siedztwie\/Demokratie leben. Unikatowe kafejkowe upominki powsta\u0142y przy wsparciu\u00a0projektu\u00a0SprachCaf\u00e9 2.0.: FEIN-Pilotprojekt.\u00a0 Jeste\u015bmy wdzi\u0119czni!<\/p>\n","protected":false},"author":2,"featured_media":2748,"comment_status":"open","ping_status":"closed","sticky":false,"template":"","format":"standard","meta":{"jetpack_post_was_ever_published":false,"_jetpack_newsletter_access":"","_jetpack_dont_email_post_to_subs":false,"_jetpack_newsletter_tier_id":0,"_jetpack_memberships_contains_paywalled_content":false,"_jetpack_memberships_contains_paid_content":false,"footnotes":"","jetpack_publicize_message":"","jetpack_publicize_feature_enabled":true,"jetpack_social_post_already_shared":false,"jetpack_social_options":{"image_generator_settings":{"template":"highway","default_image_id":0,"font":"","enabled":false},"version":2}},"categories":[21],"tags":[],"class_list":["post-2787","post","type-post","status-publish","format-standard","has-post-thumbnail","hentry","category-u-nas"],"jetpack_publicize_connections":[],"jetpack_featured_media_url":"https:\/\/i0.wp.com\/sprachcafe-polnisch.org\/wp-content\/uploads\/2021\/12\/IMG_0461-4-scaled.jpg?fit=2560%2C1707&ssl=1","acf":[],"jetpack-related-posts":[],"jetpack_sharing_enabled":true,"_links":{"self":[{"href":"https:\/\/sprachcafe-polnisch.org\/pl\/wp-json\/wp\/v2\/posts\/2787","targetHints":{"allow":["GET"]}}],"collection":[{"href":"https:\/\/sprachcafe-polnisch.org\/pl\/wp-json\/wp\/v2\/posts"}],"about":[{"href":"https:\/\/sprachcafe-polnisch.org\/pl\/wp-json\/wp\/v2\/types\/post"}],"author":[{"embeddable":true,"href":"https:\/\/sprachcafe-polnisch.org\/pl\/wp-json\/wp\/v2\/users\/2"}],"replies":[{"embeddable":true,"href":"https:\/\/sprachcafe-polnisch.org\/pl\/wp-json\/wp\/v2\/comments?post=2787"}],"version-history":[{"count":0,"href":"https:\/\/sprachcafe-polnisch.org\/pl\/wp-json\/wp\/v2\/posts\/2787\/revisions"}],"wp:featuredmedia":[{"embeddable":true,"href":"https:\/\/sprachcafe-polnisch.org\/pl\/wp-json\/wp\/v2\/media\/2748"}],"wp:attachment":[{"href":"https:\/\/sprachcafe-polnisch.org\/pl\/wp-json\/wp\/v2\/media?parent=2787"}],"wp:term":[{"taxonomy":"category","embeddable":true,"href":"https:\/\/sprachcafe-polnisch.org\/pl\/wp-json\/wp\/v2\/categories?post=2787"},{"taxonomy":"post_tag","embeddable":true,"href":"https:\/\/sprachcafe-polnisch.org\/pl\/wp-json\/wp\/v2\/tags?post=2787"}],"curies":[{"name":"wp","href":"https:\/\/api.w.org\/{rel}","templated":true}]}}