{"id":1852,"date":"2021-10-05T22:51:38","date_gmt":"2021-10-05T20:51:38","guid":{"rendered":"https:\/\/sprachcafe-polnisch.org\/?p=1852"},"modified":"2021-12-29T22:14:34","modified_gmt":"2021-12-29T21:14:34","slug":"korzenie","status":"publish","type":"post","link":"https:\/\/sprachcafe-polnisch.org\/pl\/2021\/10\/korzenie\/","title":{"rendered":"Piel\u0119gnujemy nasze korzenie"},"content":{"rendered":"\n<ul class=\"wp-block-list\"><li><strong>Wieloj\u0119zyczno\u015b\u0107 i to\u017csamo\u015b\u0107 dla wszystkich pokole\u0144<\/strong>.<br><br><\/li><\/ul>\n\n\n\n<hr class=\"wp-block-separator\"\/>\n\n\n\n<figure class=\"wp-block-gallery columns-3 is-cropped wp-block-gallery-1 is-layout-flex wp-block-gallery-is-layout-flex\"><ul class=\"blocks-gallery-grid\"><li class=\"blocks-gallery-item\"><figure><img data-recalc-dims=\"1\" loading=\"lazy\" decoding=\"async\" width=\"960\" height=\"896\" src=\"https:\/\/i0.wp.com\/sprachcafe-polnisch.org\/wp-content\/uploads\/2021\/12\/Sowa-1.jpg?resize=960%2C896&#038;ssl=1\" alt=\"\" data-id=\"2834\" data-full-url=\"https:\/\/sprachcafe-polnisch.org\/wp-content\/uploads\/2021\/12\/Sowa-1.jpg\" data-link=\"https:\/\/sprachcafe-polnisch.org\/pl\/2021\/10\/korzenie\/sowa-1\/\" class=\"wp-image-2834\" srcset=\"https:\/\/i0.wp.com\/sprachcafe-polnisch.org\/wp-content\/uploads\/2021\/12\/Sowa-1.jpg?resize=1024%2C956&amp;ssl=1 1024w, https:\/\/i0.wp.com\/sprachcafe-polnisch.org\/wp-content\/uploads\/2021\/12\/Sowa-1.jpg?resize=300%2C280&amp;ssl=1 300w, https:\/\/i0.wp.com\/sprachcafe-polnisch.org\/wp-content\/uploads\/2021\/12\/Sowa-1.jpg?resize=768%2C717&amp;ssl=1 768w, https:\/\/i0.wp.com\/sprachcafe-polnisch.org\/wp-content\/uploads\/2021\/12\/Sowa-1.jpg?resize=1160%2C1083&amp;ssl=1 1160w, https:\/\/i0.wp.com\/sprachcafe-polnisch.org\/wp-content\/uploads\/2021\/12\/Sowa-1.jpg?w=1464&amp;ssl=1 1464w\" sizes=\"auto, (max-width: 960px) 100vw, 960px\" \/><\/figure><\/li><li class=\"blocks-gallery-item\"><figure><img data-recalc-dims=\"1\" loading=\"lazy\" decoding=\"async\" width=\"683\" height=\"1024\" src=\"https:\/\/i0.wp.com\/sprachcafe-polnisch.org\/wp-content\/uploads\/2021\/12\/IMG_0412-1.jpg?resize=683%2C1024&#038;ssl=1\" alt=\"\" data-id=\"2836\" data-full-url=\"https:\/\/sprachcafe-polnisch.org\/wp-content\/uploads\/2021\/12\/IMG_0412-1-scaled.jpg\" data-link=\"https:\/\/sprachcafe-polnisch.org\/pl\/2021\/10\/korzenie\/img_0412-1\/\" class=\"wp-image-2836\" srcset=\"https:\/\/i0.wp.com\/sprachcafe-polnisch.org\/wp-content\/uploads\/2021\/12\/IMG_0412-1-scaled.jpg?resize=683%2C1024&amp;ssl=1 683w, https:\/\/i0.wp.com\/sprachcafe-polnisch.org\/wp-content\/uploads\/2021\/12\/IMG_0412-1-scaled.jpg?resize=200%2C300&amp;ssl=1 200w, https:\/\/i0.wp.com\/sprachcafe-polnisch.org\/wp-content\/uploads\/2021\/12\/IMG_0412-1-scaled.jpg?resize=768%2C1152&amp;ssl=1 768w, https:\/\/i0.wp.com\/sprachcafe-polnisch.org\/wp-content\/uploads\/2021\/12\/IMG_0412-1-scaled.jpg?resize=1024%2C1536&amp;ssl=1 1024w, https:\/\/i0.wp.com\/sprachcafe-polnisch.org\/wp-content\/uploads\/2021\/12\/IMG_0412-1-scaled.jpg?resize=1365%2C2048&amp;ssl=1 1365w, https:\/\/i0.wp.com\/sprachcafe-polnisch.org\/wp-content\/uploads\/2021\/12\/IMG_0412-1-scaled.jpg?resize=1160%2C1740&amp;ssl=1 1160w, https:\/\/i0.wp.com\/sprachcafe-polnisch.org\/wp-content\/uploads\/2021\/12\/IMG_0412-1-scaled.jpg?w=1707&amp;ssl=1 1707w\" sizes=\"auto, (max-width: 683px) 100vw, 683px\" \/><\/figure><\/li><li class=\"blocks-gallery-item\"><figure><img data-recalc-dims=\"1\" loading=\"lazy\" decoding=\"async\" width=\"960\" height=\"640\" src=\"https:\/\/i0.wp.com\/sprachcafe-polnisch.org\/wp-content\/uploads\/2021\/12\/IMG_0413-1.jpg?resize=960%2C640&#038;ssl=1\" alt=\"\" data-id=\"2838\" data-full-url=\"https:\/\/sprachcafe-polnisch.org\/wp-content\/uploads\/2021\/12\/IMG_0413-1-scaled.jpg\" data-link=\"https:\/\/sprachcafe-polnisch.org\/pl\/2021\/10\/korzenie\/img_0413-1\/\" class=\"wp-image-2838\" srcset=\"https:\/\/i0.wp.com\/sprachcafe-polnisch.org\/wp-content\/uploads\/2021\/12\/IMG_0413-1-scaled.jpg?resize=1024%2C683&amp;ssl=1 1024w, https:\/\/i0.wp.com\/sprachcafe-polnisch.org\/wp-content\/uploads\/2021\/12\/IMG_0413-1-scaled.jpg?resize=300%2C200&amp;ssl=1 300w, https:\/\/i0.wp.com\/sprachcafe-polnisch.org\/wp-content\/uploads\/2021\/12\/IMG_0413-1-scaled.jpg?resize=768%2C512&amp;ssl=1 768w, https:\/\/i0.wp.com\/sprachcafe-polnisch.org\/wp-content\/uploads\/2021\/12\/IMG_0413-1-scaled.jpg?resize=1536%2C1024&amp;ssl=1 1536w, https:\/\/i0.wp.com\/sprachcafe-polnisch.org\/wp-content\/uploads\/2021\/12\/IMG_0413-1-scaled.jpg?resize=2048%2C1365&amp;ssl=1 2048w, https:\/\/i0.wp.com\/sprachcafe-polnisch.org\/wp-content\/uploads\/2021\/12\/IMG_0413-1-scaled.jpg?resize=1160%2C773&amp;ssl=1 1160w, https:\/\/i0.wp.com\/sprachcafe-polnisch.org\/wp-content\/uploads\/2021\/12\/IMG_0413-1-scaled.jpg?w=1920&amp;ssl=1 1920w\" sizes=\"auto, (max-width: 960px) 100vw, 960px\" \/><\/figure><\/li><li class=\"blocks-gallery-item\"><figure><img data-recalc-dims=\"1\" loading=\"lazy\" decoding=\"async\" width=\"960\" height=\"640\" src=\"https:\/\/i0.wp.com\/sprachcafe-polnisch.org\/wp-content\/uploads\/2021\/12\/IMG_0414-1.jpg?resize=960%2C640&#038;ssl=1\" alt=\"\" data-id=\"2840\" data-full-url=\"https:\/\/sprachcafe-polnisch.org\/wp-content\/uploads\/2021\/12\/IMG_0414-1-scaled.jpg\" data-link=\"https:\/\/sprachcafe-polnisch.org\/pl\/2021\/10\/korzenie\/img_0414-1\/\" class=\"wp-image-2840\" srcset=\"https:\/\/i0.wp.com\/sprachcafe-polnisch.org\/wp-content\/uploads\/2021\/12\/IMG_0414-1-scaled.jpg?resize=1024%2C683&amp;ssl=1 1024w, https:\/\/i0.wp.com\/sprachcafe-polnisch.org\/wp-content\/uploads\/2021\/12\/IMG_0414-1-scaled.jpg?resize=300%2C200&amp;ssl=1 300w, https:\/\/i0.wp.com\/sprachcafe-polnisch.org\/wp-content\/uploads\/2021\/12\/IMG_0414-1-scaled.jpg?resize=768%2C512&amp;ssl=1 768w, https:\/\/i0.wp.com\/sprachcafe-polnisch.org\/wp-content\/uploads\/2021\/12\/IMG_0414-1-scaled.jpg?resize=1536%2C1024&amp;ssl=1 1536w, https:\/\/i0.wp.com\/sprachcafe-polnisch.org\/wp-content\/uploads\/2021\/12\/IMG_0414-1-scaled.jpg?resize=2048%2C1365&amp;ssl=1 2048w, https:\/\/i0.wp.com\/sprachcafe-polnisch.org\/wp-content\/uploads\/2021\/12\/IMG_0414-1-scaled.jpg?resize=1160%2C773&amp;ssl=1 1160w, https:\/\/i0.wp.com\/sprachcafe-polnisch.org\/wp-content\/uploads\/2021\/12\/IMG_0414-1-scaled.jpg?w=1920&amp;ssl=1 1920w\" sizes=\"auto, (max-width: 960px) 100vw, 960px\" \/><\/figure><\/li><li class=\"blocks-gallery-item\"><figure><img data-recalc-dims=\"1\" loading=\"lazy\" decoding=\"async\" width=\"960\" height=\"640\" src=\"https:\/\/i0.wp.com\/sprachcafe-polnisch.org\/wp-content\/uploads\/2021\/12\/IMG_0415-1.jpg?resize=960%2C640&#038;ssl=1\" alt=\"\" data-id=\"2842\" data-full-url=\"https:\/\/sprachcafe-polnisch.org\/wp-content\/uploads\/2021\/12\/IMG_0415-1-scaled.jpg\" data-link=\"https:\/\/sprachcafe-polnisch.org\/pl\/2021\/10\/korzenie\/img_0415-1\/\" class=\"wp-image-2842\" srcset=\"https:\/\/i0.wp.com\/sprachcafe-polnisch.org\/wp-content\/uploads\/2021\/12\/IMG_0415-1-scaled.jpg?resize=1024%2C683&amp;ssl=1 1024w, https:\/\/i0.wp.com\/sprachcafe-polnisch.org\/wp-content\/uploads\/2021\/12\/IMG_0415-1-scaled.jpg?resize=300%2C200&amp;ssl=1 300w, https:\/\/i0.wp.com\/sprachcafe-polnisch.org\/wp-content\/uploads\/2021\/12\/IMG_0415-1-scaled.jpg?resize=768%2C512&amp;ssl=1 768w, https:\/\/i0.wp.com\/sprachcafe-polnisch.org\/wp-content\/uploads\/2021\/12\/IMG_0415-1-scaled.jpg?resize=1536%2C1024&amp;ssl=1 1536w, https:\/\/i0.wp.com\/sprachcafe-polnisch.org\/wp-content\/uploads\/2021\/12\/IMG_0415-1-scaled.jpg?resize=2048%2C1365&amp;ssl=1 2048w, https:\/\/i0.wp.com\/sprachcafe-polnisch.org\/wp-content\/uploads\/2021\/12\/IMG_0415-1-scaled.jpg?resize=1160%2C773&amp;ssl=1 1160w, https:\/\/i0.wp.com\/sprachcafe-polnisch.org\/wp-content\/uploads\/2021\/12\/IMG_0415-1-scaled.jpg?w=1920&amp;ssl=1 1920w\" sizes=\"auto, (max-width: 960px) 100vw, 960px\" \/><\/figure><\/li><li class=\"blocks-gallery-item\"><figure><img data-recalc-dims=\"1\" loading=\"lazy\" decoding=\"async\" width=\"960\" height=\"640\" src=\"https:\/\/i0.wp.com\/sprachcafe-polnisch.org\/wp-content\/uploads\/2021\/12\/IMG_0416-1.jpg?resize=960%2C640&#038;ssl=1\" alt=\"\" data-id=\"2844\" data-full-url=\"https:\/\/sprachcafe-polnisch.org\/wp-content\/uploads\/2021\/12\/IMG_0416-1-scaled.jpg\" data-link=\"https:\/\/sprachcafe-polnisch.org\/pl\/2021\/10\/korzenie\/img_0416-1\/\" class=\"wp-image-2844\" srcset=\"https:\/\/i0.wp.com\/sprachcafe-polnisch.org\/wp-content\/uploads\/2021\/12\/IMG_0416-1-scaled.jpg?resize=1024%2C683&amp;ssl=1 1024w, https:\/\/i0.wp.com\/sprachcafe-polnisch.org\/wp-content\/uploads\/2021\/12\/IMG_0416-1-scaled.jpg?resize=300%2C200&amp;ssl=1 300w, https:\/\/i0.wp.com\/sprachcafe-polnisch.org\/wp-content\/uploads\/2021\/12\/IMG_0416-1-scaled.jpg?resize=768%2C512&amp;ssl=1 768w, https:\/\/i0.wp.com\/sprachcafe-polnisch.org\/wp-content\/uploads\/2021\/12\/IMG_0416-1-scaled.jpg?resize=1536%2C1024&amp;ssl=1 1536w, https:\/\/i0.wp.com\/sprachcafe-polnisch.org\/wp-content\/uploads\/2021\/12\/IMG_0416-1-scaled.jpg?resize=2048%2C1365&amp;ssl=1 2048w, https:\/\/i0.wp.com\/sprachcafe-polnisch.org\/wp-content\/uploads\/2021\/12\/IMG_0416-1-scaled.jpg?resize=1160%2C773&amp;ssl=1 1160w, https:\/\/i0.wp.com\/sprachcafe-polnisch.org\/wp-content\/uploads\/2021\/12\/IMG_0416-1-scaled.jpg?w=1920&amp;ssl=1 1920w\" sizes=\"auto, (max-width: 960px) 100vw, 960px\" \/><\/figure><\/li><li class=\"blocks-gallery-item\"><figure><img data-recalc-dims=\"1\" loading=\"lazy\" decoding=\"async\" width=\"960\" height=\"640\" src=\"https:\/\/i0.wp.com\/sprachcafe-polnisch.org\/wp-content\/uploads\/2021\/12\/IMG_0418-1.jpg?resize=960%2C640&#038;ssl=1\" alt=\"\" data-id=\"2846\" data-full-url=\"https:\/\/sprachcafe-polnisch.org\/wp-content\/uploads\/2021\/12\/IMG_0418-1-scaled.jpg\" data-link=\"https:\/\/sprachcafe-polnisch.org\/pl\/2021\/10\/korzenie\/img_0418-1\/\" class=\"wp-image-2846\" srcset=\"https:\/\/i0.wp.com\/sprachcafe-polnisch.org\/wp-content\/uploads\/2021\/12\/IMG_0418-1-scaled.jpg?resize=1024%2C683&amp;ssl=1 1024w, https:\/\/i0.wp.com\/sprachcafe-polnisch.org\/wp-content\/uploads\/2021\/12\/IMG_0418-1-scaled.jpg?resize=300%2C200&amp;ssl=1 300w, https:\/\/i0.wp.com\/sprachcafe-polnisch.org\/wp-content\/uploads\/2021\/12\/IMG_0418-1-scaled.jpg?resize=768%2C512&amp;ssl=1 768w, https:\/\/i0.wp.com\/sprachcafe-polnisch.org\/wp-content\/uploads\/2021\/12\/IMG_0418-1-scaled.jpg?resize=1536%2C1024&amp;ssl=1 1536w, https:\/\/i0.wp.com\/sprachcafe-polnisch.org\/wp-content\/uploads\/2021\/12\/IMG_0418-1-scaled.jpg?resize=2048%2C1365&amp;ssl=1 2048w, https:\/\/i0.wp.com\/sprachcafe-polnisch.org\/wp-content\/uploads\/2021\/12\/IMG_0418-1-scaled.jpg?resize=1160%2C773&amp;ssl=1 1160w, https:\/\/i0.wp.com\/sprachcafe-polnisch.org\/wp-content\/uploads\/2021\/12\/IMG_0418-1-scaled.jpg?w=1920&amp;ssl=1 1920w\" sizes=\"auto, (max-width: 960px) 100vw, 960px\" \/><\/figure><\/li><li class=\"blocks-gallery-item\"><figure><img data-recalc-dims=\"1\" loading=\"lazy\" decoding=\"async\" width=\"960\" height=\"640\" src=\"https:\/\/i0.wp.com\/sprachcafe-polnisch.org\/wp-content\/uploads\/2021\/12\/IMG_0421-2.jpg?resize=960%2C640&#038;ssl=1\" alt=\"\" data-id=\"2848\" data-full-url=\"https:\/\/sprachcafe-polnisch.org\/wp-content\/uploads\/2021\/12\/IMG_0421-2-scaled.jpg\" data-link=\"https:\/\/sprachcafe-polnisch.org\/pl\/2021\/10\/korzenie\/img_0421-2\/\" class=\"wp-image-2848\" srcset=\"https:\/\/i0.wp.com\/sprachcafe-polnisch.org\/wp-content\/uploads\/2021\/12\/IMG_0421-2-scaled.jpg?resize=1024%2C683&amp;ssl=1 1024w, https:\/\/i0.wp.com\/sprachcafe-polnisch.org\/wp-content\/uploads\/2021\/12\/IMG_0421-2-scaled.jpg?resize=300%2C200&amp;ssl=1 300w, https:\/\/i0.wp.com\/sprachcafe-polnisch.org\/wp-content\/uploads\/2021\/12\/IMG_0421-2-scaled.jpg?resize=768%2C512&amp;ssl=1 768w, https:\/\/i0.wp.com\/sprachcafe-polnisch.org\/wp-content\/uploads\/2021\/12\/IMG_0421-2-scaled.jpg?resize=1536%2C1024&amp;ssl=1 1536w, https:\/\/i0.wp.com\/sprachcafe-polnisch.org\/wp-content\/uploads\/2021\/12\/IMG_0421-2-scaled.jpg?resize=2048%2C1365&amp;ssl=1 2048w, https:\/\/i0.wp.com\/sprachcafe-polnisch.org\/wp-content\/uploads\/2021\/12\/IMG_0421-2-scaled.jpg?resize=1160%2C773&amp;ssl=1 1160w, https:\/\/i0.wp.com\/sprachcafe-polnisch.org\/wp-content\/uploads\/2021\/12\/IMG_0421-2-scaled.jpg?w=1920&amp;ssl=1 1920w\" sizes=\"auto, (max-width: 960px) 100vw, 960px\" \/><\/figure><\/li><li class=\"blocks-gallery-item\"><figure><img data-recalc-dims=\"1\" loading=\"lazy\" decoding=\"async\" width=\"960\" height=\"640\" src=\"https:\/\/i0.wp.com\/sprachcafe-polnisch.org\/wp-content\/uploads\/2021\/12\/IMG_0423-1.jpg?resize=960%2C640&#038;ssl=1\" alt=\"\" data-id=\"2850\" data-full-url=\"https:\/\/sprachcafe-polnisch.org\/wp-content\/uploads\/2021\/12\/IMG_0423-1-scaled.jpg\" data-link=\"https:\/\/sprachcafe-polnisch.org\/pl\/2021\/10\/korzenie\/img_0423-1\/\" class=\"wp-image-2850\" srcset=\"https:\/\/i0.wp.com\/sprachcafe-polnisch.org\/wp-content\/uploads\/2021\/12\/IMG_0423-1-scaled.jpg?resize=1024%2C683&amp;ssl=1 1024w, https:\/\/i0.wp.com\/sprachcafe-polnisch.org\/wp-content\/uploads\/2021\/12\/IMG_0423-1-scaled.jpg?resize=300%2C200&amp;ssl=1 300w, https:\/\/i0.wp.com\/sprachcafe-polnisch.org\/wp-content\/uploads\/2021\/12\/IMG_0423-1-scaled.jpg?resize=768%2C512&amp;ssl=1 768w, https:\/\/i0.wp.com\/sprachcafe-polnisch.org\/wp-content\/uploads\/2021\/12\/IMG_0423-1-scaled.jpg?resize=1536%2C1024&amp;ssl=1 1536w, https:\/\/i0.wp.com\/sprachcafe-polnisch.org\/wp-content\/uploads\/2021\/12\/IMG_0423-1-scaled.jpg?resize=2048%2C1365&amp;ssl=1 2048w, https:\/\/i0.wp.com\/sprachcafe-polnisch.org\/wp-content\/uploads\/2021\/12\/IMG_0423-1-scaled.jpg?resize=1160%2C773&amp;ssl=1 1160w, https:\/\/i0.wp.com\/sprachcafe-polnisch.org\/wp-content\/uploads\/2021\/12\/IMG_0423-1-scaled.jpg?w=1920&amp;ssl=1 1920w\" sizes=\"auto, (max-width: 960px) 100vw, 960px\" \/><\/figure><\/li><\/ul><\/figure>\n\n\n\n<p>Herzlichen Dank f\u00fcr den wundersch\u00f6nen Abend mit Musik und Liedern! <\/p>\n\n\n\n<p><br>Hier findet Ihr die bisher gesammelten Musikwerke bei folgenden Veranstaltungen: <br>&#8211; In Advents- und Weihnachtsstimmung am 11.12.2021: https:\/\/fb.me\/e\/1nohC8f14<br>&#8211; Schlaf- und Wiegelieder am 05.11.2021: https:\/\/fb.me\/e\/4mXqNwl6W<br>&#8211; Mehrsprachige Familiennacht am 02.10.2021: https:\/\/fb.me\/e\/2t6PmdYsY<\/p>\n\n\n\n<p><a href=\"https:\/\/we.tl\/t-bgQysdR2hv\">Musikst\u00fccke<\/a> zum H\u00f6ren<\/p>\n\n\n\n<p>Polnisch: Barbara Stillmark<br>Italienisch: Manfred und Rachelina Giordano<br>Chinesisch: Wenzhuan Ouyang<br>Vietnamesisch: <\/p>\n\n\n\n<hr class=\"wp-block-separator\"\/>\n\n\n\n<figure class=\"wp-block-gallery columns-3 is-cropped wp-block-gallery-2 is-layout-flex wp-block-gallery-is-layout-flex\"><ul class=\"blocks-gallery-grid\"><li class=\"blocks-gallery-item\"><figure><img data-recalc-dims=\"1\" loading=\"lazy\" decoding=\"async\" width=\"940\" height=\"788\" src=\"https:\/\/i0.wp.com\/sprachcafe-polnisch.org\/wp-content\/uploads\/2021\/10\/242106199_4698716586862996_7360603618457052714_n-1.jpg?resize=940%2C788&#038;ssl=1\" alt=\"\" data-id=\"2108\" data-full-url=\"https:\/\/sprachcafe-polnisch.org\/wp-content\/uploads\/2021\/10\/242106199_4698716586862996_7360603618457052714_n-1.jpg\" data-link=\"https:\/\/sprachcafe-polnisch.org\/pl\/2021\/10\/korzenie\/242106199_4698716586862996_7360603618457052714_n-1\/\" class=\"wp-image-2108\" srcset=\"https:\/\/i0.wp.com\/sprachcafe-polnisch.org\/wp-content\/uploads\/2021\/10\/242106199_4698716586862996_7360603618457052714_n-1.jpg?w=940&amp;ssl=1 940w, https:\/\/i0.wp.com\/sprachcafe-polnisch.org\/wp-content\/uploads\/2021\/10\/242106199_4698716586862996_7360603618457052714_n-1.jpg?resize=300%2C251&amp;ssl=1 300w, https:\/\/i0.wp.com\/sprachcafe-polnisch.org\/wp-content\/uploads\/2021\/10\/242106199_4698716586862996_7360603618457052714_n-1.jpg?resize=768%2C644&amp;ssl=1 768w\" sizes=\"auto, (max-width: 940px) 100vw, 940px\" \/><\/figure><\/li><li class=\"blocks-gallery-item\"><figure><img data-recalc-dims=\"1\" loading=\"lazy\" decoding=\"async\" width=\"960\" height=\"720\" src=\"https:\/\/i0.wp.com\/sprachcafe-polnisch.org\/wp-content\/uploads\/2021\/10\/IMG_6475-1.jpg?resize=960%2C720&#038;ssl=1\" alt=\"\" data-id=\"2110\" data-full-url=\"https:\/\/sprachcafe-polnisch.org\/wp-content\/uploads\/2021\/10\/IMG_6475-1-scaled.jpg\" data-link=\"https:\/\/sprachcafe-polnisch.org\/pl\/2021\/10\/korzenie\/img_6475-1\/\" class=\"wp-image-2110\" srcset=\"https:\/\/i0.wp.com\/sprachcafe-polnisch.org\/wp-content\/uploads\/2021\/10\/IMG_6475-1-scaled.jpg?resize=1024%2C768&amp;ssl=1 1024w, https:\/\/i0.wp.com\/sprachcafe-polnisch.org\/wp-content\/uploads\/2021\/10\/IMG_6475-1-scaled.jpg?resize=300%2C225&amp;ssl=1 300w, https:\/\/i0.wp.com\/sprachcafe-polnisch.org\/wp-content\/uploads\/2021\/10\/IMG_6475-1-scaled.jpg?resize=768%2C576&amp;ssl=1 768w, https:\/\/i0.wp.com\/sprachcafe-polnisch.org\/wp-content\/uploads\/2021\/10\/IMG_6475-1-scaled.jpg?resize=1536%2C1152&amp;ssl=1 1536w, https:\/\/i0.wp.com\/sprachcafe-polnisch.org\/wp-content\/uploads\/2021\/10\/IMG_6475-1-scaled.jpg?resize=2048%2C1536&amp;ssl=1 2048w, https:\/\/i0.wp.com\/sprachcafe-polnisch.org\/wp-content\/uploads\/2021\/10\/IMG_6475-1-scaled.jpg?resize=1160%2C870&amp;ssl=1 1160w, https:\/\/i0.wp.com\/sprachcafe-polnisch.org\/wp-content\/uploads\/2021\/10\/IMG_6475-1-scaled.jpg?w=1920&amp;ssl=1 1920w\" sizes=\"auto, (max-width: 960px) 100vw, 960px\" \/><\/figure><\/li><li class=\"blocks-gallery-item\"><figure><img data-recalc-dims=\"1\" loading=\"lazy\" decoding=\"async\" width=\"960\" height=\"720\" src=\"https:\/\/i0.wp.com\/sprachcafe-polnisch.org\/wp-content\/uploads\/2021\/10\/IMG_6476-1.jpg?resize=960%2C720&#038;ssl=1\" alt=\"\" data-id=\"2112\" data-full-url=\"https:\/\/sprachcafe-polnisch.org\/wp-content\/uploads\/2021\/10\/IMG_6476-1-scaled.jpg\" data-link=\"https:\/\/sprachcafe-polnisch.org\/pl\/2021\/10\/korzenie\/img_6476-1\/\" class=\"wp-image-2112\" srcset=\"https:\/\/i0.wp.com\/sprachcafe-polnisch.org\/wp-content\/uploads\/2021\/10\/IMG_6476-1-scaled.jpg?resize=1024%2C768&amp;ssl=1 1024w, https:\/\/i0.wp.com\/sprachcafe-polnisch.org\/wp-content\/uploads\/2021\/10\/IMG_6476-1-scaled.jpg?resize=300%2C225&amp;ssl=1 300w, https:\/\/i0.wp.com\/sprachcafe-polnisch.org\/wp-content\/uploads\/2021\/10\/IMG_6476-1-scaled.jpg?resize=768%2C576&amp;ssl=1 768w, https:\/\/i0.wp.com\/sprachcafe-polnisch.org\/wp-content\/uploads\/2021\/10\/IMG_6476-1-scaled.jpg?resize=1536%2C1152&amp;ssl=1 1536w, https:\/\/i0.wp.com\/sprachcafe-polnisch.org\/wp-content\/uploads\/2021\/10\/IMG_6476-1-scaled.jpg?resize=2048%2C1536&amp;ssl=1 2048w, https:\/\/i0.wp.com\/sprachcafe-polnisch.org\/wp-content\/uploads\/2021\/10\/IMG_6476-1-scaled.jpg?resize=1160%2C870&amp;ssl=1 1160w, https:\/\/i0.wp.com\/sprachcafe-polnisch.org\/wp-content\/uploads\/2021\/10\/IMG_6476-1-scaled.jpg?w=1920&amp;ssl=1 1920w\" sizes=\"auto, (max-width: 960px) 100vw, 960px\" \/><\/figure><\/li><li class=\"blocks-gallery-item\"><figure><img data-recalc-dims=\"1\" loading=\"lazy\" decoding=\"async\" width=\"960\" height=\"720\" src=\"https:\/\/i0.wp.com\/sprachcafe-polnisch.org\/wp-content\/uploads\/2021\/10\/IMG_6479-1.jpg?resize=960%2C720&#038;ssl=1\" alt=\"\" data-id=\"2114\" data-full-url=\"https:\/\/sprachcafe-polnisch.org\/wp-content\/uploads\/2021\/10\/IMG_6479-1-scaled.jpg\" data-link=\"https:\/\/sprachcafe-polnisch.org\/pl\/2021\/10\/korzenie\/img_6479-1\/\" class=\"wp-image-2114\" srcset=\"https:\/\/i0.wp.com\/sprachcafe-polnisch.org\/wp-content\/uploads\/2021\/10\/IMG_6479-1-scaled.jpg?resize=1024%2C768&amp;ssl=1 1024w, https:\/\/i0.wp.com\/sprachcafe-polnisch.org\/wp-content\/uploads\/2021\/10\/IMG_6479-1-scaled.jpg?resize=300%2C225&amp;ssl=1 300w, https:\/\/i0.wp.com\/sprachcafe-polnisch.org\/wp-content\/uploads\/2021\/10\/IMG_6479-1-scaled.jpg?resize=768%2C576&amp;ssl=1 768w, https:\/\/i0.wp.com\/sprachcafe-polnisch.org\/wp-content\/uploads\/2021\/10\/IMG_6479-1-scaled.jpg?resize=1536%2C1152&amp;ssl=1 1536w, https:\/\/i0.wp.com\/sprachcafe-polnisch.org\/wp-content\/uploads\/2021\/10\/IMG_6479-1-scaled.jpg?resize=2048%2C1536&amp;ssl=1 2048w, https:\/\/i0.wp.com\/sprachcafe-polnisch.org\/wp-content\/uploads\/2021\/10\/IMG_6479-1-scaled.jpg?resize=1160%2C870&amp;ssl=1 1160w, https:\/\/i0.wp.com\/sprachcafe-polnisch.org\/wp-content\/uploads\/2021\/10\/IMG_6479-1-scaled.jpg?w=1920&amp;ssl=1 1920w\" sizes=\"auto, (max-width: 960px) 100vw, 960px\" \/><\/figure><\/li><li class=\"blocks-gallery-item\"><figure><img data-recalc-dims=\"1\" loading=\"lazy\" decoding=\"async\" width=\"960\" height=\"720\" src=\"https:\/\/i0.wp.com\/sprachcafe-polnisch.org\/wp-content\/uploads\/2021\/10\/IMG_6480-1.jpg?resize=960%2C720&#038;ssl=1\" alt=\"\" data-id=\"2116\" data-full-url=\"https:\/\/sprachcafe-polnisch.org\/wp-content\/uploads\/2021\/10\/IMG_6480-1-scaled.jpg\" data-link=\"https:\/\/sprachcafe-polnisch.org\/pl\/2021\/10\/korzenie\/img_6480-1\/\" class=\"wp-image-2116\" srcset=\"https:\/\/i0.wp.com\/sprachcafe-polnisch.org\/wp-content\/uploads\/2021\/10\/IMG_6480-1-scaled.jpg?resize=1024%2C768&amp;ssl=1 1024w, https:\/\/i0.wp.com\/sprachcafe-polnisch.org\/wp-content\/uploads\/2021\/10\/IMG_6480-1-scaled.jpg?resize=300%2C225&amp;ssl=1 300w, https:\/\/i0.wp.com\/sprachcafe-polnisch.org\/wp-content\/uploads\/2021\/10\/IMG_6480-1-scaled.jpg?resize=768%2C576&amp;ssl=1 768w, https:\/\/i0.wp.com\/sprachcafe-polnisch.org\/wp-content\/uploads\/2021\/10\/IMG_6480-1-scaled.jpg?resize=1536%2C1152&amp;ssl=1 1536w, https:\/\/i0.wp.com\/sprachcafe-polnisch.org\/wp-content\/uploads\/2021\/10\/IMG_6480-1-scaled.jpg?resize=2048%2C1536&amp;ssl=1 2048w, https:\/\/i0.wp.com\/sprachcafe-polnisch.org\/wp-content\/uploads\/2021\/10\/IMG_6480-1-scaled.jpg?resize=1160%2C870&amp;ssl=1 1160w, https:\/\/i0.wp.com\/sprachcafe-polnisch.org\/wp-content\/uploads\/2021\/10\/IMG_6480-1-scaled.jpg?w=1920&amp;ssl=1 1920w\" sizes=\"auto, (max-width: 960px) 100vw, 960px\" \/><\/figure><\/li><li class=\"blocks-gallery-item\"><figure><img data-recalc-dims=\"1\" loading=\"lazy\" decoding=\"async\" width=\"960\" height=\"720\" src=\"https:\/\/i0.wp.com\/sprachcafe-polnisch.org\/wp-content\/uploads\/2021\/10\/IMG_6481-1.jpg?resize=960%2C720&#038;ssl=1\" alt=\"\" data-id=\"2118\" data-full-url=\"https:\/\/sprachcafe-polnisch.org\/wp-content\/uploads\/2021\/10\/IMG_6481-1-scaled.jpg\" data-link=\"https:\/\/sprachcafe-polnisch.org\/pl\/2021\/10\/korzenie\/img_6481-1\/\" class=\"wp-image-2118\" srcset=\"https:\/\/i0.wp.com\/sprachcafe-polnisch.org\/wp-content\/uploads\/2021\/10\/IMG_6481-1-scaled.jpg?resize=1024%2C768&amp;ssl=1 1024w, https:\/\/i0.wp.com\/sprachcafe-polnisch.org\/wp-content\/uploads\/2021\/10\/IMG_6481-1-scaled.jpg?resize=300%2C225&amp;ssl=1 300w, https:\/\/i0.wp.com\/sprachcafe-polnisch.org\/wp-content\/uploads\/2021\/10\/IMG_6481-1-scaled.jpg?resize=768%2C576&amp;ssl=1 768w, https:\/\/i0.wp.com\/sprachcafe-polnisch.org\/wp-content\/uploads\/2021\/10\/IMG_6481-1-scaled.jpg?resize=1536%2C1152&amp;ssl=1 1536w, https:\/\/i0.wp.com\/sprachcafe-polnisch.org\/wp-content\/uploads\/2021\/10\/IMG_6481-1-scaled.jpg?resize=2048%2C1536&amp;ssl=1 2048w, https:\/\/i0.wp.com\/sprachcafe-polnisch.org\/wp-content\/uploads\/2021\/10\/IMG_6481-1-scaled.jpg?resize=1160%2C870&amp;ssl=1 1160w, https:\/\/i0.wp.com\/sprachcafe-polnisch.org\/wp-content\/uploads\/2021\/10\/IMG_6481-1-scaled.jpg?w=1920&amp;ssl=1 1920w\" sizes=\"auto, (max-width: 960px) 100vw, 960px\" \/><\/figure><\/li><li class=\"blocks-gallery-item\"><figure><img data-recalc-dims=\"1\" loading=\"lazy\" decoding=\"async\" width=\"960\" height=\"720\" src=\"https:\/\/i0.wp.com\/sprachcafe-polnisch.org\/wp-content\/uploads\/2021\/10\/IMG_6483-2-1.jpg?resize=960%2C720&#038;ssl=1\" alt=\"\" data-id=\"2120\" data-full-url=\"https:\/\/sprachcafe-polnisch.org\/wp-content\/uploads\/2021\/10\/IMG_6483-2-1-scaled.jpg\" data-link=\"https:\/\/sprachcafe-polnisch.org\/pl\/2021\/10\/korzenie\/img_6483-2-1\/\" class=\"wp-image-2120\" srcset=\"https:\/\/i0.wp.com\/sprachcafe-polnisch.org\/wp-content\/uploads\/2021\/10\/IMG_6483-2-1-scaled.jpg?resize=1024%2C768&amp;ssl=1 1024w, https:\/\/i0.wp.com\/sprachcafe-polnisch.org\/wp-content\/uploads\/2021\/10\/IMG_6483-2-1-scaled.jpg?resize=300%2C225&amp;ssl=1 300w, https:\/\/i0.wp.com\/sprachcafe-polnisch.org\/wp-content\/uploads\/2021\/10\/IMG_6483-2-1-scaled.jpg?resize=768%2C576&amp;ssl=1 768w, https:\/\/i0.wp.com\/sprachcafe-polnisch.org\/wp-content\/uploads\/2021\/10\/IMG_6483-2-1-scaled.jpg?resize=1536%2C1152&amp;ssl=1 1536w, https:\/\/i0.wp.com\/sprachcafe-polnisch.org\/wp-content\/uploads\/2021\/10\/IMG_6483-2-1-scaled.jpg?resize=2048%2C1536&amp;ssl=1 2048w, https:\/\/i0.wp.com\/sprachcafe-polnisch.org\/wp-content\/uploads\/2021\/10\/IMG_6483-2-1-scaled.jpg?resize=1160%2C870&amp;ssl=1 1160w, https:\/\/i0.wp.com\/sprachcafe-polnisch.org\/wp-content\/uploads\/2021\/10\/IMG_6483-2-1-scaled.jpg?w=1920&amp;ssl=1 1920w\" sizes=\"auto, (max-width: 960px) 100vw, 960px\" \/><\/figure><\/li><li class=\"blocks-gallery-item\"><figure><img data-recalc-dims=\"1\" loading=\"lazy\" decoding=\"async\" width=\"960\" height=\"720\" src=\"https:\/\/i0.wp.com\/sprachcafe-polnisch.org\/wp-content\/uploads\/2021\/10\/IMG_6484-3-1.jpg?resize=960%2C720&#038;ssl=1\" alt=\"\" data-id=\"2122\" data-full-url=\"https:\/\/sprachcafe-polnisch.org\/wp-content\/uploads\/2021\/10\/IMG_6484-3-1.jpg\" data-link=\"https:\/\/sprachcafe-polnisch.org\/pl\/2021\/10\/korzenie\/img_6484-3-1\/\" class=\"wp-image-2122\" srcset=\"https:\/\/i0.wp.com\/sprachcafe-polnisch.org\/wp-content\/uploads\/2021\/10\/IMG_6484-3-1.jpg?resize=1024%2C768&amp;ssl=1 1024w, https:\/\/i0.wp.com\/sprachcafe-polnisch.org\/wp-content\/uploads\/2021\/10\/IMG_6484-3-1.jpg?resize=300%2C225&amp;ssl=1 300w, https:\/\/i0.wp.com\/sprachcafe-polnisch.org\/wp-content\/uploads\/2021\/10\/IMG_6484-3-1.jpg?resize=768%2C576&amp;ssl=1 768w, https:\/\/i0.wp.com\/sprachcafe-polnisch.org\/wp-content\/uploads\/2021\/10\/IMG_6484-3-1.jpg?resize=1536%2C1153&amp;ssl=1 1536w, https:\/\/i0.wp.com\/sprachcafe-polnisch.org\/wp-content\/uploads\/2021\/10\/IMG_6484-3-1.jpg?resize=1160%2C870&amp;ssl=1 1160w, https:\/\/i0.wp.com\/sprachcafe-polnisch.org\/wp-content\/uploads\/2021\/10\/IMG_6484-3-1.jpg?w=1967&amp;ssl=1 1967w\" sizes=\"auto, (max-width: 960px) 100vw, 960px\" \/><\/figure><\/li><li class=\"blocks-gallery-item\"><figure><img data-recalc-dims=\"1\" loading=\"lazy\" decoding=\"async\" width=\"960\" height=\"720\" src=\"https:\/\/i0.wp.com\/sprachcafe-polnisch.org\/wp-content\/uploads\/2021\/10\/IMG_6485-2-1.jpg?resize=960%2C720&#038;ssl=1\" alt=\"\" data-id=\"2124\" data-full-url=\"https:\/\/sprachcafe-polnisch.org\/wp-content\/uploads\/2021\/10\/IMG_6485-2-1-scaled.jpg\" data-link=\"https:\/\/sprachcafe-polnisch.org\/pl\/2021\/10\/korzenie\/img_6485-2-1\/\" class=\"wp-image-2124\" srcset=\"https:\/\/i0.wp.com\/sprachcafe-polnisch.org\/wp-content\/uploads\/2021\/10\/IMG_6485-2-1-scaled.jpg?resize=1024%2C768&amp;ssl=1 1024w, https:\/\/i0.wp.com\/sprachcafe-polnisch.org\/wp-content\/uploads\/2021\/10\/IMG_6485-2-1-scaled.jpg?resize=300%2C225&amp;ssl=1 300w, https:\/\/i0.wp.com\/sprachcafe-polnisch.org\/wp-content\/uploads\/2021\/10\/IMG_6485-2-1-scaled.jpg?resize=768%2C576&amp;ssl=1 768w, https:\/\/i0.wp.com\/sprachcafe-polnisch.org\/wp-content\/uploads\/2021\/10\/IMG_6485-2-1-scaled.jpg?resize=1536%2C1152&amp;ssl=1 1536w, https:\/\/i0.wp.com\/sprachcafe-polnisch.org\/wp-content\/uploads\/2021\/10\/IMG_6485-2-1-scaled.jpg?resize=2048%2C1536&amp;ssl=1 2048w, https:\/\/i0.wp.com\/sprachcafe-polnisch.org\/wp-content\/uploads\/2021\/10\/IMG_6485-2-1-scaled.jpg?resize=1160%2C870&amp;ssl=1 1160w, https:\/\/i0.wp.com\/sprachcafe-polnisch.org\/wp-content\/uploads\/2021\/10\/IMG_6485-2-1-scaled.jpg?w=1920&amp;ssl=1 1920w\" sizes=\"auto, (max-width: 960px) 100vw, 960px\" \/><\/figure><\/li><li class=\"blocks-gallery-item\"><figure><img data-recalc-dims=\"1\" loading=\"lazy\" decoding=\"async\" width=\"960\" height=\"720\" src=\"https:\/\/i0.wp.com\/sprachcafe-polnisch.org\/wp-content\/uploads\/2021\/10\/IMG_6487-3-1.jpg?resize=960%2C720&#038;ssl=1\" alt=\"\" data-id=\"2126\" data-full-url=\"https:\/\/sprachcafe-polnisch.org\/wp-content\/uploads\/2021\/10\/IMG_6487-3-1-scaled.jpg\" data-link=\"https:\/\/sprachcafe-polnisch.org\/pl\/2021\/10\/korzenie\/img_6487-3-1\/\" class=\"wp-image-2126\" srcset=\"https:\/\/i0.wp.com\/sprachcafe-polnisch.org\/wp-content\/uploads\/2021\/10\/IMG_6487-3-1-scaled.jpg?resize=1024%2C768&amp;ssl=1 1024w, https:\/\/i0.wp.com\/sprachcafe-polnisch.org\/wp-content\/uploads\/2021\/10\/IMG_6487-3-1-scaled.jpg?resize=300%2C225&amp;ssl=1 300w, https:\/\/i0.wp.com\/sprachcafe-polnisch.org\/wp-content\/uploads\/2021\/10\/IMG_6487-3-1-scaled.jpg?resize=768%2C576&amp;ssl=1 768w, https:\/\/i0.wp.com\/sprachcafe-polnisch.org\/wp-content\/uploads\/2021\/10\/IMG_6487-3-1-scaled.jpg?resize=1536%2C1152&amp;ssl=1 1536w, https:\/\/i0.wp.com\/sprachcafe-polnisch.org\/wp-content\/uploads\/2021\/10\/IMG_6487-3-1-scaled.jpg?resize=2048%2C1535&amp;ssl=1 2048w, https:\/\/i0.wp.com\/sprachcafe-polnisch.org\/wp-content\/uploads\/2021\/10\/IMG_6487-3-1-scaled.jpg?resize=1160%2C870&amp;ssl=1 1160w, https:\/\/i0.wp.com\/sprachcafe-polnisch.org\/wp-content\/uploads\/2021\/10\/IMG_6487-3-1-scaled.jpg?w=1920&amp;ssl=1 1920w\" sizes=\"auto, (max-width: 960px) 100vw, 960px\" \/><\/figure><\/li><li class=\"blocks-gallery-item\"><figure><img data-recalc-dims=\"1\" loading=\"lazy\" decoding=\"async\" width=\"960\" height=\"720\" src=\"https:\/\/i0.wp.com\/sprachcafe-polnisch.org\/wp-content\/uploads\/2021\/10\/IMG_6489-3-1.jpg?resize=960%2C720&#038;ssl=1\" alt=\"\" data-id=\"2128\" data-full-url=\"https:\/\/sprachcafe-polnisch.org\/wp-content\/uploads\/2021\/10\/IMG_6489-3-1.jpg\" data-link=\"https:\/\/sprachcafe-polnisch.org\/pl\/2021\/10\/korzenie\/img_6489-3-1\/\" class=\"wp-image-2128\" srcset=\"https:\/\/i0.wp.com\/sprachcafe-polnisch.org\/wp-content\/uploads\/2021\/10\/IMG_6489-3-1.jpg?resize=1024%2C768&amp;ssl=1 1024w, https:\/\/i0.wp.com\/sprachcafe-polnisch.org\/wp-content\/uploads\/2021\/10\/IMG_6489-3-1.jpg?resize=300%2C225&amp;ssl=1 300w, https:\/\/i0.wp.com\/sprachcafe-polnisch.org\/wp-content\/uploads\/2021\/10\/IMG_6489-3-1.jpg?resize=768%2C576&amp;ssl=1 768w, https:\/\/i0.wp.com\/sprachcafe-polnisch.org\/wp-content\/uploads\/2021\/10\/IMG_6489-3-1.jpg?resize=1536%2C1153&amp;ssl=1 1536w, https:\/\/i0.wp.com\/sprachcafe-polnisch.org\/wp-content\/uploads\/2021\/10\/IMG_6489-3-1.jpg?resize=1160%2C870&amp;ssl=1 1160w, https:\/\/i0.wp.com\/sprachcafe-polnisch.org\/wp-content\/uploads\/2021\/10\/IMG_6489-3-1.jpg?w=2039&amp;ssl=1 2039w, https:\/\/i0.wp.com\/sprachcafe-polnisch.org\/wp-content\/uploads\/2021\/10\/IMG_6489-3-1.jpg?w=1920&amp;ssl=1 1920w\" sizes=\"auto, (max-width: 960px) 100vw, 960px\" \/><\/figure><\/li><li class=\"blocks-gallery-item\"><figure><img data-recalc-dims=\"1\" loading=\"lazy\" decoding=\"async\" width=\"960\" height=\"720\" src=\"https:\/\/i0.wp.com\/sprachcafe-polnisch.org\/wp-content\/uploads\/2021\/10\/IMG_6490-4-1.jpg?resize=960%2C720&#038;ssl=1\" alt=\"\" data-id=\"2130\" data-full-url=\"https:\/\/sprachcafe-polnisch.org\/wp-content\/uploads\/2021\/10\/IMG_6490-4-1-scaled.jpg\" data-link=\"https:\/\/sprachcafe-polnisch.org\/pl\/2021\/10\/korzenie\/img_6490-4-1\/\" class=\"wp-image-2130\" srcset=\"https:\/\/i0.wp.com\/sprachcafe-polnisch.org\/wp-content\/uploads\/2021\/10\/IMG_6490-4-1-scaled.jpg?resize=1024%2C768&amp;ssl=1 1024w, https:\/\/i0.wp.com\/sprachcafe-polnisch.org\/wp-content\/uploads\/2021\/10\/IMG_6490-4-1-scaled.jpg?resize=300%2C225&amp;ssl=1 300w, https:\/\/i0.wp.com\/sprachcafe-polnisch.org\/wp-content\/uploads\/2021\/10\/IMG_6490-4-1-scaled.jpg?resize=768%2C576&amp;ssl=1 768w, https:\/\/i0.wp.com\/sprachcafe-polnisch.org\/wp-content\/uploads\/2021\/10\/IMG_6490-4-1-scaled.jpg?resize=1536%2C1152&amp;ssl=1 1536w, https:\/\/i0.wp.com\/sprachcafe-polnisch.org\/wp-content\/uploads\/2021\/10\/IMG_6490-4-1-scaled.jpg?resize=2048%2C1536&amp;ssl=1 2048w, https:\/\/i0.wp.com\/sprachcafe-polnisch.org\/wp-content\/uploads\/2021\/10\/IMG_6490-4-1-scaled.jpg?resize=1160%2C870&amp;ssl=1 1160w, https:\/\/i0.wp.com\/sprachcafe-polnisch.org\/wp-content\/uploads\/2021\/10\/IMG_6490-4-1-scaled.jpg?w=1920&amp;ssl=1 1920w\" sizes=\"auto, (max-width: 960px) 100vw, 960px\" \/><\/figure><\/li><li class=\"blocks-gallery-item\"><figure><img data-recalc-dims=\"1\" loading=\"lazy\" decoding=\"async\" width=\"960\" height=\"720\" src=\"https:\/\/i0.wp.com\/sprachcafe-polnisch.org\/wp-content\/uploads\/2021\/10\/IMG_6493-2-1.jpg?resize=960%2C720&#038;ssl=1\" alt=\"\" data-id=\"2132\" data-full-url=\"https:\/\/sprachcafe-polnisch.org\/wp-content\/uploads\/2021\/10\/IMG_6493-2-1-scaled.jpg\" data-link=\"https:\/\/sprachcafe-polnisch.org\/pl\/2021\/10\/korzenie\/img_6493-2-1\/\" class=\"wp-image-2132\" srcset=\"https:\/\/i0.wp.com\/sprachcafe-polnisch.org\/wp-content\/uploads\/2021\/10\/IMG_6493-2-1-scaled.jpg?resize=1024%2C768&amp;ssl=1 1024w, https:\/\/i0.wp.com\/sprachcafe-polnisch.org\/wp-content\/uploads\/2021\/10\/IMG_6493-2-1-scaled.jpg?resize=300%2C225&amp;ssl=1 300w, https:\/\/i0.wp.com\/sprachcafe-polnisch.org\/wp-content\/uploads\/2021\/10\/IMG_6493-2-1-scaled.jpg?resize=768%2C576&amp;ssl=1 768w, https:\/\/i0.wp.com\/sprachcafe-polnisch.org\/wp-content\/uploads\/2021\/10\/IMG_6493-2-1-scaled.jpg?resize=1536%2C1152&amp;ssl=1 1536w, https:\/\/i0.wp.com\/sprachcafe-polnisch.org\/wp-content\/uploads\/2021\/10\/IMG_6493-2-1-scaled.jpg?resize=2048%2C1535&amp;ssl=1 2048w, https:\/\/i0.wp.com\/sprachcafe-polnisch.org\/wp-content\/uploads\/2021\/10\/IMG_6493-2-1-scaled.jpg?resize=1160%2C870&amp;ssl=1 1160w, https:\/\/i0.wp.com\/sprachcafe-polnisch.org\/wp-content\/uploads\/2021\/10\/IMG_6493-2-1-scaled.jpg?w=1920&amp;ssl=1 1920w\" sizes=\"auto, (max-width: 960px) 100vw, 960px\" \/><\/figure><\/li><li class=\"blocks-gallery-item\"><figure><img data-recalc-dims=\"1\" loading=\"lazy\" decoding=\"async\" width=\"960\" height=\"720\" src=\"https:\/\/i0.wp.com\/sprachcafe-polnisch.org\/wp-content\/uploads\/2021\/10\/IMG_6494-1.jpg?resize=960%2C720&#038;ssl=1\" alt=\"\" data-id=\"2134\" data-full-url=\"https:\/\/sprachcafe-polnisch.org\/wp-content\/uploads\/2021\/10\/IMG_6494-1-scaled.jpg\" data-link=\"https:\/\/sprachcafe-polnisch.org\/pl\/2021\/10\/korzenie\/img_6494-1\/\" class=\"wp-image-2134\" srcset=\"https:\/\/i0.wp.com\/sprachcafe-polnisch.org\/wp-content\/uploads\/2021\/10\/IMG_6494-1-scaled.jpg?resize=1024%2C768&amp;ssl=1 1024w, https:\/\/i0.wp.com\/sprachcafe-polnisch.org\/wp-content\/uploads\/2021\/10\/IMG_6494-1-scaled.jpg?resize=300%2C225&amp;ssl=1 300w, https:\/\/i0.wp.com\/sprachcafe-polnisch.org\/wp-content\/uploads\/2021\/10\/IMG_6494-1-scaled.jpg?resize=768%2C576&amp;ssl=1 768w, https:\/\/i0.wp.com\/sprachcafe-polnisch.org\/wp-content\/uploads\/2021\/10\/IMG_6494-1-scaled.jpg?resize=1536%2C1152&amp;ssl=1 1536w, https:\/\/i0.wp.com\/sprachcafe-polnisch.org\/wp-content\/uploads\/2021\/10\/IMG_6494-1-scaled.jpg?resize=2048%2C1536&amp;ssl=1 2048w, https:\/\/i0.wp.com\/sprachcafe-polnisch.org\/wp-content\/uploads\/2021\/10\/IMG_6494-1-scaled.jpg?resize=1160%2C870&amp;ssl=1 1160w, https:\/\/i0.wp.com\/sprachcafe-polnisch.org\/wp-content\/uploads\/2021\/10\/IMG_6494-1-scaled.jpg?w=1920&amp;ssl=1 1920w\" sizes=\"auto, (max-width: 960px) 100vw, 960px\" \/><\/figure><\/li><li class=\"blocks-gallery-item\"><figure><img data-recalc-dims=\"1\" loading=\"lazy\" decoding=\"async\" width=\"960\" height=\"720\" src=\"https:\/\/i0.wp.com\/sprachcafe-polnisch.org\/wp-content\/uploads\/2021\/10\/IMG_6495-3-1.jpg?resize=960%2C720&#038;ssl=1\" alt=\"\" data-id=\"2136\" data-full-url=\"https:\/\/sprachcafe-polnisch.org\/wp-content\/uploads\/2021\/10\/IMG_6495-3-1-scaled.jpg\" data-link=\"https:\/\/sprachcafe-polnisch.org\/pl\/2021\/10\/korzenie\/img_6495-3-1\/\" class=\"wp-image-2136\" srcset=\"https:\/\/i0.wp.com\/sprachcafe-polnisch.org\/wp-content\/uploads\/2021\/10\/IMG_6495-3-1-scaled.jpg?resize=1024%2C768&amp;ssl=1 1024w, https:\/\/i0.wp.com\/sprachcafe-polnisch.org\/wp-content\/uploads\/2021\/10\/IMG_6495-3-1-scaled.jpg?resize=300%2C225&amp;ssl=1 300w, https:\/\/i0.wp.com\/sprachcafe-polnisch.org\/wp-content\/uploads\/2021\/10\/IMG_6495-3-1-scaled.jpg?resize=768%2C576&amp;ssl=1 768w, https:\/\/i0.wp.com\/sprachcafe-polnisch.org\/wp-content\/uploads\/2021\/10\/IMG_6495-3-1-scaled.jpg?resize=1536%2C1152&amp;ssl=1 1536w, https:\/\/i0.wp.com\/sprachcafe-polnisch.org\/wp-content\/uploads\/2021\/10\/IMG_6495-3-1-scaled.jpg?resize=2048%2C1536&amp;ssl=1 2048w, https:\/\/i0.wp.com\/sprachcafe-polnisch.org\/wp-content\/uploads\/2021\/10\/IMG_6495-3-1-scaled.jpg?resize=1160%2C870&amp;ssl=1 1160w, https:\/\/i0.wp.com\/sprachcafe-polnisch.org\/wp-content\/uploads\/2021\/10\/IMG_6495-3-1-scaled.jpg?w=1920&amp;ssl=1 1920w\" sizes=\"auto, (max-width: 960px) 100vw, 960px\" \/><\/figure><\/li><li class=\"blocks-gallery-item\"><figure><img data-recalc-dims=\"1\" loading=\"lazy\" decoding=\"async\" width=\"960\" height=\"720\" src=\"https:\/\/i0.wp.com\/sprachcafe-polnisch.org\/wp-content\/uploads\/2021\/10\/IMG_6496-2-1.jpg?resize=960%2C720&#038;ssl=1\" alt=\"\" data-id=\"2138\" data-full-url=\"https:\/\/sprachcafe-polnisch.org\/wp-content\/uploads\/2021\/10\/IMG_6496-2-1-scaled.jpg\" data-link=\"https:\/\/sprachcafe-polnisch.org\/pl\/2021\/10\/korzenie\/img_6496-2-1\/\" class=\"wp-image-2138\" srcset=\"https:\/\/i0.wp.com\/sprachcafe-polnisch.org\/wp-content\/uploads\/2021\/10\/IMG_6496-2-1-scaled.jpg?resize=1024%2C768&amp;ssl=1 1024w, https:\/\/i0.wp.com\/sprachcafe-polnisch.org\/wp-content\/uploads\/2021\/10\/IMG_6496-2-1-scaled.jpg?resize=300%2C225&amp;ssl=1 300w, https:\/\/i0.wp.com\/sprachcafe-polnisch.org\/wp-content\/uploads\/2021\/10\/IMG_6496-2-1-scaled.jpg?resize=768%2C576&amp;ssl=1 768w, https:\/\/i0.wp.com\/sprachcafe-polnisch.org\/wp-content\/uploads\/2021\/10\/IMG_6496-2-1-scaled.jpg?resize=1536%2C1152&amp;ssl=1 1536w, https:\/\/i0.wp.com\/sprachcafe-polnisch.org\/wp-content\/uploads\/2021\/10\/IMG_6496-2-1-scaled.jpg?resize=2048%2C1536&amp;ssl=1 2048w, https:\/\/i0.wp.com\/sprachcafe-polnisch.org\/wp-content\/uploads\/2021\/10\/IMG_6496-2-1-scaled.jpg?resize=1160%2C870&amp;ssl=1 1160w, https:\/\/i0.wp.com\/sprachcafe-polnisch.org\/wp-content\/uploads\/2021\/10\/IMG_6496-2-1-scaled.jpg?w=1920&amp;ssl=1 1920w\" sizes=\"auto, (max-width: 960px) 100vw, 960px\" \/><\/figure><\/li><li class=\"blocks-gallery-item\"><figure><img data-recalc-dims=\"1\" loading=\"lazy\" decoding=\"async\" width=\"960\" height=\"720\" src=\"https:\/\/i0.wp.com\/sprachcafe-polnisch.org\/wp-content\/uploads\/2021\/10\/IMG_6497-3-1.jpg?resize=960%2C720&#038;ssl=1\" alt=\"\" data-id=\"2140\" data-full-url=\"https:\/\/sprachcafe-polnisch.org\/wp-content\/uploads\/2021\/10\/IMG_6497-3-1-scaled.jpg\" data-link=\"https:\/\/sprachcafe-polnisch.org\/pl\/2021\/10\/korzenie\/img_6497-3-1\/\" class=\"wp-image-2140\" srcset=\"https:\/\/i0.wp.com\/sprachcafe-polnisch.org\/wp-content\/uploads\/2021\/10\/IMG_6497-3-1-scaled.jpg?resize=1024%2C768&amp;ssl=1 1024w, https:\/\/i0.wp.com\/sprachcafe-polnisch.org\/wp-content\/uploads\/2021\/10\/IMG_6497-3-1-scaled.jpg?resize=300%2C225&amp;ssl=1 300w, https:\/\/i0.wp.com\/sprachcafe-polnisch.org\/wp-content\/uploads\/2021\/10\/IMG_6497-3-1-scaled.jpg?resize=768%2C576&amp;ssl=1 768w, https:\/\/i0.wp.com\/sprachcafe-polnisch.org\/wp-content\/uploads\/2021\/10\/IMG_6497-3-1-scaled.jpg?resize=1536%2C1152&amp;ssl=1 1536w, https:\/\/i0.wp.com\/sprachcafe-polnisch.org\/wp-content\/uploads\/2021\/10\/IMG_6497-3-1-scaled.jpg?resize=2048%2C1536&amp;ssl=1 2048w, https:\/\/i0.wp.com\/sprachcafe-polnisch.org\/wp-content\/uploads\/2021\/10\/IMG_6497-3-1-scaled.jpg?resize=1160%2C870&amp;ssl=1 1160w, https:\/\/i0.wp.com\/sprachcafe-polnisch.org\/wp-content\/uploads\/2021\/10\/IMG_6497-3-1-scaled.jpg?w=1920&amp;ssl=1 1920w\" sizes=\"auto, (max-width: 960px) 100vw, 960px\" \/><\/figure><\/li><li class=\"blocks-gallery-item\"><figure><img data-recalc-dims=\"1\" loading=\"lazy\" decoding=\"async\" width=\"768\" height=\"1024\" src=\"https:\/\/i0.wp.com\/sprachcafe-polnisch.org\/wp-content\/uploads\/2021\/10\/IMG_6499-3-1.jpg?resize=768%2C1024&#038;ssl=1\" alt=\"\" data-id=\"2142\" data-full-url=\"https:\/\/sprachcafe-polnisch.org\/wp-content\/uploads\/2021\/10\/IMG_6499-3-1-scaled.jpg\" data-link=\"https:\/\/sprachcafe-polnisch.org\/pl\/2021\/10\/korzenie\/img_6499-3-1\/\" class=\"wp-image-2142\" srcset=\"https:\/\/i0.wp.com\/sprachcafe-polnisch.org\/wp-content\/uploads\/2021\/10\/IMG_6499-3-1-scaled.jpg?resize=768%2C1024&amp;ssl=1 768w, https:\/\/i0.wp.com\/sprachcafe-polnisch.org\/wp-content\/uploads\/2021\/10\/IMG_6499-3-1-scaled.jpg?resize=225%2C300&amp;ssl=1 225w, https:\/\/i0.wp.com\/sprachcafe-polnisch.org\/wp-content\/uploads\/2021\/10\/IMG_6499-3-1-scaled.jpg?resize=1152%2C1536&amp;ssl=1 1152w, https:\/\/i0.wp.com\/sprachcafe-polnisch.org\/wp-content\/uploads\/2021\/10\/IMG_6499-3-1-scaled.jpg?resize=1536%2C2048&amp;ssl=1 1536w, https:\/\/i0.wp.com\/sprachcafe-polnisch.org\/wp-content\/uploads\/2021\/10\/IMG_6499-3-1-scaled.jpg?resize=1160%2C1547&amp;ssl=1 1160w, https:\/\/i0.wp.com\/sprachcafe-polnisch.org\/wp-content\/uploads\/2021\/10\/IMG_6499-3-1-scaled.jpg?w=1919&amp;ssl=1 1919w\" sizes=\"auto, (max-width: 768px) 100vw, 768px\" \/><\/figure><\/li><li class=\"blocks-gallery-item\"><figure><img data-recalc-dims=\"1\" loading=\"lazy\" decoding=\"async\" width=\"960\" height=\"720\" src=\"https:\/\/i0.wp.com\/sprachcafe-polnisch.org\/wp-content\/uploads\/2021\/10\/IMG_6502-2-1.jpg?resize=960%2C720&#038;ssl=1\" alt=\"\" data-id=\"2144\" data-full-url=\"https:\/\/sprachcafe-polnisch.org\/wp-content\/uploads\/2021\/10\/IMG_6502-2-1-scaled.jpg\" data-link=\"https:\/\/sprachcafe-polnisch.org\/pl\/2021\/10\/korzenie\/img_6502-2-1\/\" class=\"wp-image-2144\" srcset=\"https:\/\/i0.wp.com\/sprachcafe-polnisch.org\/wp-content\/uploads\/2021\/10\/IMG_6502-2-1-scaled.jpg?resize=1024%2C768&amp;ssl=1 1024w, https:\/\/i0.wp.com\/sprachcafe-polnisch.org\/wp-content\/uploads\/2021\/10\/IMG_6502-2-1-scaled.jpg?resize=300%2C225&amp;ssl=1 300w, https:\/\/i0.wp.com\/sprachcafe-polnisch.org\/wp-content\/uploads\/2021\/10\/IMG_6502-2-1-scaled.jpg?resize=768%2C576&amp;ssl=1 768w, https:\/\/i0.wp.com\/sprachcafe-polnisch.org\/wp-content\/uploads\/2021\/10\/IMG_6502-2-1-scaled.jpg?resize=1536%2C1152&amp;ssl=1 1536w, https:\/\/i0.wp.com\/sprachcafe-polnisch.org\/wp-content\/uploads\/2021\/10\/IMG_6502-2-1-scaled.jpg?resize=2048%2C1536&amp;ssl=1 2048w, https:\/\/i0.wp.com\/sprachcafe-polnisch.org\/wp-content\/uploads\/2021\/10\/IMG_6502-2-1-scaled.jpg?resize=1160%2C870&amp;ssl=1 1160w, https:\/\/i0.wp.com\/sprachcafe-polnisch.org\/wp-content\/uploads\/2021\/10\/IMG_6502-2-1-scaled.jpg?w=1920&amp;ssl=1 1920w\" sizes=\"auto, (max-width: 960px) 100vw, 960px\" \/><\/figure><\/li><li class=\"blocks-gallery-item\"><figure><img data-recalc-dims=\"1\" loading=\"lazy\" decoding=\"async\" width=\"768\" height=\"1024\" src=\"https:\/\/i0.wp.com\/sprachcafe-polnisch.org\/wp-content\/uploads\/2021\/10\/IMG_6503-3-1.jpg?resize=768%2C1024&#038;ssl=1\" alt=\"\" data-id=\"2146\" data-full-url=\"https:\/\/sprachcafe-polnisch.org\/wp-content\/uploads\/2021\/10\/IMG_6503-3-1-scaled.jpg\" data-link=\"https:\/\/sprachcafe-polnisch.org\/pl\/2021\/10\/korzenie\/img_6503-3-1\/\" class=\"wp-image-2146\" srcset=\"https:\/\/i0.wp.com\/sprachcafe-polnisch.org\/wp-content\/uploads\/2021\/10\/IMG_6503-3-1-scaled.jpg?resize=768%2C1024&amp;ssl=1 768w, https:\/\/i0.wp.com\/sprachcafe-polnisch.org\/wp-content\/uploads\/2021\/10\/IMG_6503-3-1-scaled.jpg?resize=225%2C300&amp;ssl=1 225w, https:\/\/i0.wp.com\/sprachcafe-polnisch.org\/wp-content\/uploads\/2021\/10\/IMG_6503-3-1-scaled.jpg?resize=1152%2C1536&amp;ssl=1 1152w, https:\/\/i0.wp.com\/sprachcafe-polnisch.org\/wp-content\/uploads\/2021\/10\/IMG_6503-3-1-scaled.jpg?resize=1536%2C2048&amp;ssl=1 1536w, https:\/\/i0.wp.com\/sprachcafe-polnisch.org\/wp-content\/uploads\/2021\/10\/IMG_6503-3-1-scaled.jpg?resize=1160%2C1547&amp;ssl=1 1160w, https:\/\/i0.wp.com\/sprachcafe-polnisch.org\/wp-content\/uploads\/2021\/10\/IMG_6503-3-1-scaled.jpg?w=1920&amp;ssl=1 1920w\" sizes=\"auto, (max-width: 768px) 100vw, 768px\" \/><\/figure><\/li><li class=\"blocks-gallery-item\"><figure><img data-recalc-dims=\"1\" loading=\"lazy\" decoding=\"async\" width=\"960\" height=\"720\" src=\"https:\/\/i0.wp.com\/sprachcafe-polnisch.org\/wp-content\/uploads\/2021\/10\/IMG_6504-2-1.jpg?resize=960%2C720&#038;ssl=1\" alt=\"\" data-id=\"2148\" data-full-url=\"https:\/\/sprachcafe-polnisch.org\/wp-content\/uploads\/2021\/10\/IMG_6504-2-1.jpg\" data-link=\"https:\/\/sprachcafe-polnisch.org\/pl\/2021\/10\/korzenie\/img_6504-2-1\/\" class=\"wp-image-2148\" srcset=\"https:\/\/i0.wp.com\/sprachcafe-polnisch.org\/wp-content\/uploads\/2021\/10\/IMG_6504-2-1.jpg?resize=1024%2C768&amp;ssl=1 1024w, https:\/\/i0.wp.com\/sprachcafe-polnisch.org\/wp-content\/uploads\/2021\/10\/IMG_6504-2-1.jpg?resize=300%2C225&amp;ssl=1 300w, https:\/\/i0.wp.com\/sprachcafe-polnisch.org\/wp-content\/uploads\/2021\/10\/IMG_6504-2-1.jpg?resize=768%2C576&amp;ssl=1 768w, https:\/\/i0.wp.com\/sprachcafe-polnisch.org\/wp-content\/uploads\/2021\/10\/IMG_6504-2-1.jpg?resize=1536%2C1152&amp;ssl=1 1536w, https:\/\/i0.wp.com\/sprachcafe-polnisch.org\/wp-content\/uploads\/2021\/10\/IMG_6504-2-1.jpg?resize=2048%2C1535&amp;ssl=1 2048w, https:\/\/i0.wp.com\/sprachcafe-polnisch.org\/wp-content\/uploads\/2021\/10\/IMG_6504-2-1.jpg?resize=1160%2C870&amp;ssl=1 1160w, https:\/\/i0.wp.com\/sprachcafe-polnisch.org\/wp-content\/uploads\/2021\/10\/IMG_6504-2-1.jpg?w=1920&amp;ssl=1 1920w\" sizes=\"auto, (max-width: 960px) 100vw, 960px\" \/><\/figure><\/li><\/ul><\/figure>\n\n\n\n<p><strong>Noc Rodzin<\/strong>  \u201eDobry wiecz\u00f3r, dobranoc\u2026\u201c  02.10.2021 r. w SprachCaf\u00e9<br><\/p>\n\n\n\n<p>Drodzy, serdeczne dzi\u0119ki za dzisiejsze wspania\u0142e popo\u0142udnie i wiecz\u00f3r! Po\u0142\u0105czy\u0142a nas muzyka, kt\u00f3ra chocia\u017c pochodzi z odleg\u0142ych stron \u015bwiata niesie podobne tre\u015bci. Dzi\u0119kujemy za Wasz przepi\u0119kny wk\u0142ad i wzruszenia, kt\u00f3rymi si\u0119 z nami podzielili\u015bcie. To prawdziwy dar. Mamy nadziej\u0119 na kolejne spotkania i wzruszenia. Co mo\u017cna stworzy\u0107 ze zbioru ko\u0142ysanek, damy zna\u0107 niebawem. P\u00f3ki co, serdeczne podzi\u0119kowania dla Szko\u0142y Muzycznej im. Bela Bartoka w Pankow, dla Racheliny, Basi Stillmark, dla Inicjatywy Wietnamskich Rodzic\u00f3w, jak r\u00f3wnie\u017c dla Binh\u2019a i Micha\u0142a za techniczne wsparcie.<\/p>\n\n\n\n<hr class=\"wp-block-separator\"\/>\n\n\n\n<div class=\"wp-block-columns is-layout-flex wp-container-core-columns-is-layout-9d6595d7 wp-block-columns-is-layout-flex\">\n<div class=\"wp-block-column is-layout-flow wp-block-column-is-layout-flow\">\n<figure class=\"wp-block-image size-large is-style-default\"><img data-recalc-dims=\"1\" loading=\"lazy\" decoding=\"async\" width=\"960\" height=\"960\" src=\"https:\/\/i0.wp.com\/sprachcafe-polnisch.org\/wp-content\/uploads\/2021\/10\/Kopie-von-Sprach-Camp-1.png?resize=960%2C960&#038;ssl=1\" alt=\"\" class=\"wp-image-2056\" srcset=\"https:\/\/i0.wp.com\/sprachcafe-polnisch.org\/wp-content\/uploads\/2021\/10\/Kopie-von-Sprach-Camp-1.png?resize=1024%2C1024&amp;ssl=1 1024w, https:\/\/i0.wp.com\/sprachcafe-polnisch.org\/wp-content\/uploads\/2021\/10\/Kopie-von-Sprach-Camp-1.png?resize=300%2C300&amp;ssl=1 300w, https:\/\/i0.wp.com\/sprachcafe-polnisch.org\/wp-content\/uploads\/2021\/10\/Kopie-von-Sprach-Camp-1.png?resize=150%2C150&amp;ssl=1 150w, https:\/\/i0.wp.com\/sprachcafe-polnisch.org\/wp-content\/uploads\/2021\/10\/Kopie-von-Sprach-Camp-1.png?resize=768%2C768&amp;ssl=1 768w, https:\/\/i0.wp.com\/sprachcafe-polnisch.org\/wp-content\/uploads\/2021\/10\/Kopie-von-Sprach-Camp-1.png?resize=75%2C75&amp;ssl=1 75w, https:\/\/i0.wp.com\/sprachcafe-polnisch.org\/wp-content\/uploads\/2021\/10\/Kopie-von-Sprach-Camp-1.png?w=1080&amp;ssl=1 1080w\" sizes=\"auto, (max-width: 960px) 100vw, 960px\" \/><\/figure>\n<\/div>\n\n\n\n<div class=\"wp-block-column is-layout-flow wp-block-column-is-layout-flow\"><\/div>\n<\/div>\n\n\n\n<figure class=\"wp-block-gallery columns-3 is-cropped wp-block-gallery-3 is-layout-flex wp-block-gallery-is-layout-flex\"><ul class=\"blocks-gallery-grid\"><li class=\"blocks-gallery-item\"><figure><img data-recalc-dims=\"1\" loading=\"lazy\" decoding=\"async\" width=\"884\" height=\"1024\" src=\"https:\/\/i0.wp.com\/sprachcafe-polnisch.org\/wp-content\/uploads\/2021\/10\/IMG_1-2.jpg?resize=884%2C1024&#038;ssl=1\" alt=\"\" data-id=\"1986\" data-full-url=\"https:\/\/sprachcafe-polnisch.org\/wp-content\/uploads\/2021\/10\/IMG_1-2-scaled.jpg\" data-link=\"https:\/\/sprachcafe-polnisch.org\/pl\/2021\/10\/korzenie\/img_1-2\/\" class=\"wp-image-1986\" srcset=\"https:\/\/i0.wp.com\/sprachcafe-polnisch.org\/wp-content\/uploads\/2021\/10\/IMG_1-2-scaled.jpg?resize=884%2C1024&amp;ssl=1 884w, https:\/\/i0.wp.com\/sprachcafe-polnisch.org\/wp-content\/uploads\/2021\/10\/IMG_1-2-scaled.jpg?resize=259%2C300&amp;ssl=1 259w, https:\/\/i0.wp.com\/sprachcafe-polnisch.org\/wp-content\/uploads\/2021\/10\/IMG_1-2-scaled.jpg?resize=768%2C889&amp;ssl=1 768w, https:\/\/i0.wp.com\/sprachcafe-polnisch.org\/wp-content\/uploads\/2021\/10\/IMG_1-2-scaled.jpg?resize=1326%2C1536&amp;ssl=1 1326w, https:\/\/i0.wp.com\/sprachcafe-polnisch.org\/wp-content\/uploads\/2021\/10\/IMG_1-2-scaled.jpg?resize=1769%2C2048&amp;ssl=1 1769w, https:\/\/i0.wp.com\/sprachcafe-polnisch.org\/wp-content\/uploads\/2021\/10\/IMG_1-2-scaled.jpg?resize=1160%2C1343&amp;ssl=1 1160w, https:\/\/i0.wp.com\/sprachcafe-polnisch.org\/wp-content\/uploads\/2021\/10\/IMG_1-2-scaled.jpg?w=1920&amp;ssl=1 1920w\" sizes=\"auto, (max-width: 884px) 100vw, 884px\" \/><\/figure><\/li><li class=\"blocks-gallery-item\"><figure><img data-recalc-dims=\"1\" loading=\"lazy\" decoding=\"async\" width=\"960\" height=\"640\" src=\"https:\/\/i0.wp.com\/sprachcafe-polnisch.org\/wp-content\/uploads\/2021\/10\/IMG_5590-3.jpg?resize=960%2C640&#038;ssl=1\" alt=\"\" data-id=\"1988\" data-full-url=\"https:\/\/sprachcafe-polnisch.org\/wp-content\/uploads\/2021\/10\/IMG_5590-3-scaled.jpg\" data-link=\"https:\/\/sprachcafe-polnisch.org\/pl\/2021\/10\/korzenie\/img_5590-3\/\" class=\"wp-image-1988\" srcset=\"https:\/\/i0.wp.com\/sprachcafe-polnisch.org\/wp-content\/uploads\/2021\/10\/IMG_5590-3-scaled.jpg?resize=1024%2C683&amp;ssl=1 1024w, https:\/\/i0.wp.com\/sprachcafe-polnisch.org\/wp-content\/uploads\/2021\/10\/IMG_5590-3-scaled.jpg?resize=300%2C200&amp;ssl=1 300w, https:\/\/i0.wp.com\/sprachcafe-polnisch.org\/wp-content\/uploads\/2021\/10\/IMG_5590-3-scaled.jpg?resize=768%2C512&amp;ssl=1 768w, https:\/\/i0.wp.com\/sprachcafe-polnisch.org\/wp-content\/uploads\/2021\/10\/IMG_5590-3-scaled.jpg?resize=1536%2C1024&amp;ssl=1 1536w, https:\/\/i0.wp.com\/sprachcafe-polnisch.org\/wp-content\/uploads\/2021\/10\/IMG_5590-3-scaled.jpg?resize=2048%2C1366&amp;ssl=1 2048w, https:\/\/i0.wp.com\/sprachcafe-polnisch.org\/wp-content\/uploads\/2021\/10\/IMG_5590-3-scaled.jpg?resize=1160%2C774&amp;ssl=1 1160w, https:\/\/i0.wp.com\/sprachcafe-polnisch.org\/wp-content\/uploads\/2021\/10\/IMG_5590-3-scaled.jpg?w=1920&amp;ssl=1 1920w\" sizes=\"auto, (max-width: 960px) 100vw, 960px\" \/><\/figure><\/li><li class=\"blocks-gallery-item\"><figure><img data-recalc-dims=\"1\" loading=\"lazy\" decoding=\"async\" width=\"816\" height=\"1024\" src=\"https:\/\/i0.wp.com\/sprachcafe-polnisch.org\/wp-content\/uploads\/2021\/10\/IMG_5930-2.jpg?resize=816%2C1024&#038;ssl=1\" alt=\"\" data-id=\"1992\" data-full-url=\"https:\/\/sprachcafe-polnisch.org\/wp-content\/uploads\/2021\/10\/IMG_5930-2-scaled.jpg\" data-link=\"https:\/\/sprachcafe-polnisch.org\/pl\/2021\/10\/korzenie\/img_5930-2\/\" class=\"wp-image-1992\" srcset=\"https:\/\/i0.wp.com\/sprachcafe-polnisch.org\/wp-content\/uploads\/2021\/10\/IMG_5930-2-scaled.jpg?resize=816%2C1024&amp;ssl=1 816w, https:\/\/i0.wp.com\/sprachcafe-polnisch.org\/wp-content\/uploads\/2021\/10\/IMG_5930-2-scaled.jpg?resize=239%2C300&amp;ssl=1 239w, https:\/\/i0.wp.com\/sprachcafe-polnisch.org\/wp-content\/uploads\/2021\/10\/IMG_5930-2-scaled.jpg?resize=768%2C963&amp;ssl=1 768w, https:\/\/i0.wp.com\/sprachcafe-polnisch.org\/wp-content\/uploads\/2021\/10\/IMG_5930-2-scaled.jpg?resize=1224%2C1536&amp;ssl=1 1224w, https:\/\/i0.wp.com\/sprachcafe-polnisch.org\/wp-content\/uploads\/2021\/10\/IMG_5930-2-scaled.jpg?resize=1632%2C2048&amp;ssl=1 1632w, https:\/\/i0.wp.com\/sprachcafe-polnisch.org\/wp-content\/uploads\/2021\/10\/IMG_5930-2-scaled.jpg?resize=1160%2C1455&amp;ssl=1 1160w, https:\/\/i0.wp.com\/sprachcafe-polnisch.org\/wp-content\/uploads\/2021\/10\/IMG_5930-2-scaled.jpg?w=2041&amp;ssl=1 2041w, https:\/\/i0.wp.com\/sprachcafe-polnisch.org\/wp-content\/uploads\/2021\/10\/IMG_5930-2-scaled.jpg?w=1920&amp;ssl=1 1920w\" sizes=\"auto, (max-width: 816px) 100vw, 816px\" \/><\/figure><\/li><li class=\"blocks-gallery-item\"><figure><img data-recalc-dims=\"1\" loading=\"lazy\" decoding=\"async\" width=\"768\" height=\"1024\" src=\"https:\/\/i0.wp.com\/sprachcafe-polnisch.org\/wp-content\/uploads\/2021\/10\/WhatsApp-Image-2021-10-22-at-13.25.43-2.jpeg?resize=768%2C1024&#038;ssl=1\" alt=\"\" data-id=\"1983\" data-full-url=\"https:\/\/sprachcafe-polnisch.org\/wp-content\/uploads\/2021\/10\/WhatsApp-Image-2021-10-22-at-13.25.43-2.jpeg\" data-link=\"https:\/\/sprachcafe-polnisch.org\/pl\/2021\/10\/korzenie\/whatsapp-image-2021-10-22-at-13-25-43-2\/\" class=\"wp-image-1983\" srcset=\"https:\/\/i0.wp.com\/sprachcafe-polnisch.org\/wp-content\/uploads\/2021\/10\/WhatsApp-Image-2021-10-22-at-13.25.43-2.jpeg?resize=768%2C1024&amp;ssl=1 768w, https:\/\/i0.wp.com\/sprachcafe-polnisch.org\/wp-content\/uploads\/2021\/10\/WhatsApp-Image-2021-10-22-at-13.25.43-2.jpeg?resize=225%2C300&amp;ssl=1 225w, https:\/\/i0.wp.com\/sprachcafe-polnisch.org\/wp-content\/uploads\/2021\/10\/WhatsApp-Image-2021-10-22-at-13.25.43-2.jpeg?resize=1152%2C1536&amp;ssl=1 1152w, https:\/\/i0.wp.com\/sprachcafe-polnisch.org\/wp-content\/uploads\/2021\/10\/WhatsApp-Image-2021-10-22-at-13.25.43-2.jpeg?resize=1160%2C1547&amp;ssl=1 1160w, https:\/\/i0.wp.com\/sprachcafe-polnisch.org\/wp-content\/uploads\/2021\/10\/WhatsApp-Image-2021-10-22-at-13.25.43-2.jpeg?w=1488&amp;ssl=1 1488w\" sizes=\"auto, (max-width: 768px) 100vw, 768px\" \/><\/figure><\/li><li class=\"blocks-gallery-item\"><figure><img data-recalc-dims=\"1\" loading=\"lazy\" decoding=\"async\" width=\"768\" height=\"1024\" src=\"https:\/\/i0.wp.com\/sprachcafe-polnisch.org\/wp-content\/uploads\/2021\/10\/WhatsApp-Image-2021-10-21-at-20.08.45.jpeg?resize=768%2C1024&#038;ssl=1\" alt=\"\" data-id=\"1994\" data-full-url=\"https:\/\/sprachcafe-polnisch.org\/wp-content\/uploads\/2021\/10\/WhatsApp-Image-2021-10-21-at-20.08.45.jpeg\" data-link=\"https:\/\/sprachcafe-polnisch.org\/pl\/2021\/10\/korzenie\/whatsapp-image-2021-10-21-at-20-08-45\/\" class=\"wp-image-1994\" srcset=\"https:\/\/i0.wp.com\/sprachcafe-polnisch.org\/wp-content\/uploads\/2021\/10\/WhatsApp-Image-2021-10-21-at-20.08.45.jpeg?resize=768%2C1024&amp;ssl=1 768w, https:\/\/i0.wp.com\/sprachcafe-polnisch.org\/wp-content\/uploads\/2021\/10\/WhatsApp-Image-2021-10-21-at-20.08.45.jpeg?resize=225%2C300&amp;ssl=1 225w, https:\/\/i0.wp.com\/sprachcafe-polnisch.org\/wp-content\/uploads\/2021\/10\/WhatsApp-Image-2021-10-21-at-20.08.45.jpeg?resize=1152%2C1536&amp;ssl=1 1152w, https:\/\/i0.wp.com\/sprachcafe-polnisch.org\/wp-content\/uploads\/2021\/10\/WhatsApp-Image-2021-10-21-at-20.08.45.jpeg?resize=1160%2C1547&amp;ssl=1 1160w, https:\/\/i0.wp.com\/sprachcafe-polnisch.org\/wp-content\/uploads\/2021\/10\/WhatsApp-Image-2021-10-21-at-20.08.45.jpeg?w=1488&amp;ssl=1 1488w\" sizes=\"auto, (max-width: 768px) 100vw, 768px\" \/><\/figure><\/li><li class=\"blocks-gallery-item\"><figure><img data-recalc-dims=\"1\" loading=\"lazy\" decoding=\"async\" width=\"960\" height=\"720\" src=\"https:\/\/i0.wp.com\/sprachcafe-polnisch.org\/wp-content\/uploads\/2021\/10\/WhatsApp-Image-2021-10-21-at-20.08.46-2.jpeg?resize=960%2C720&#038;ssl=1\" alt=\"\" data-id=\"1998\" data-full-url=\"https:\/\/sprachcafe-polnisch.org\/wp-content\/uploads\/2021\/10\/WhatsApp-Image-2021-10-21-at-20.08.46-2.jpeg\" data-link=\"https:\/\/sprachcafe-polnisch.org\/pl\/2021\/10\/korzenie\/whatsapp-image-2021-10-21-at-20-08-46-2\/\" class=\"wp-image-1998\" srcset=\"https:\/\/i0.wp.com\/sprachcafe-polnisch.org\/wp-content\/uploads\/2021\/10\/WhatsApp-Image-2021-10-21-at-20.08.46-2.jpeg?resize=1024%2C768&amp;ssl=1 1024w, https:\/\/i0.wp.com\/sprachcafe-polnisch.org\/wp-content\/uploads\/2021\/10\/WhatsApp-Image-2021-10-21-at-20.08.46-2.jpeg?resize=300%2C225&amp;ssl=1 300w, https:\/\/i0.wp.com\/sprachcafe-polnisch.org\/wp-content\/uploads\/2021\/10\/WhatsApp-Image-2021-10-21-at-20.08.46-2.jpeg?resize=768%2C576&amp;ssl=1 768w, https:\/\/i0.wp.com\/sprachcafe-polnisch.org\/wp-content\/uploads\/2021\/10\/WhatsApp-Image-2021-10-21-at-20.08.46-2.jpeg?resize=1536%2C1152&amp;ssl=1 1536w, https:\/\/i0.wp.com\/sprachcafe-polnisch.org\/wp-content\/uploads\/2021\/10\/WhatsApp-Image-2021-10-21-at-20.08.46-2.jpeg?resize=1160%2C870&amp;ssl=1 1160w, https:\/\/i0.wp.com\/sprachcafe-polnisch.org\/wp-content\/uploads\/2021\/10\/WhatsApp-Image-2021-10-21-at-20.08.46-2.jpeg?w=1984&amp;ssl=1 1984w, https:\/\/i0.wp.com\/sprachcafe-polnisch.org\/wp-content\/uploads\/2021\/10\/WhatsApp-Image-2021-10-21-at-20.08.46-2.jpeg?w=1920&amp;ssl=1 1920w\" sizes=\"auto, (max-width: 960px) 100vw, 960px\" \/><\/figure><\/li><li class=\"blocks-gallery-item\"><figure><img data-recalc-dims=\"1\" loading=\"lazy\" decoding=\"async\" width=\"960\" height=\"720\" src=\"https:\/\/i0.wp.com\/sprachcafe-polnisch.org\/wp-content\/uploads\/2021\/10\/WhatsApp-Image-2021-10-21-at-20.08.46-4.jpeg?resize=960%2C720&#038;ssl=1\" alt=\"\" data-id=\"2000\" data-full-url=\"https:\/\/sprachcafe-polnisch.org\/wp-content\/uploads\/2021\/10\/WhatsApp-Image-2021-10-21-at-20.08.46-4.jpeg\" data-link=\"https:\/\/sprachcafe-polnisch.org\/pl\/2021\/10\/korzenie\/whatsapp-image-2021-10-21-at-20-08-46-4\/\" class=\"wp-image-2000\" srcset=\"https:\/\/i0.wp.com\/sprachcafe-polnisch.org\/wp-content\/uploads\/2021\/10\/WhatsApp-Image-2021-10-21-at-20.08.46-4.jpeg?resize=1024%2C768&amp;ssl=1 1024w, https:\/\/i0.wp.com\/sprachcafe-polnisch.org\/wp-content\/uploads\/2021\/10\/WhatsApp-Image-2021-10-21-at-20.08.46-4.jpeg?resize=300%2C225&amp;ssl=1 300w, https:\/\/i0.wp.com\/sprachcafe-polnisch.org\/wp-content\/uploads\/2021\/10\/WhatsApp-Image-2021-10-21-at-20.08.46-4.jpeg?resize=768%2C576&amp;ssl=1 768w, https:\/\/i0.wp.com\/sprachcafe-polnisch.org\/wp-content\/uploads\/2021\/10\/WhatsApp-Image-2021-10-21-at-20.08.46-4.jpeg?resize=1536%2C1152&amp;ssl=1 1536w, https:\/\/i0.wp.com\/sprachcafe-polnisch.org\/wp-content\/uploads\/2021\/10\/WhatsApp-Image-2021-10-21-at-20.08.46-4.jpeg?resize=1160%2C870&amp;ssl=1 1160w, https:\/\/i0.wp.com\/sprachcafe-polnisch.org\/wp-content\/uploads\/2021\/10\/WhatsApp-Image-2021-10-21-at-20.08.46-4.jpeg?w=1984&amp;ssl=1 1984w, https:\/\/i0.wp.com\/sprachcafe-polnisch.org\/wp-content\/uploads\/2021\/10\/WhatsApp-Image-2021-10-21-at-20.08.46-4.jpeg?w=1920&amp;ssl=1 1920w\" sizes=\"auto, (max-width: 960px) 100vw, 960px\" \/><\/figure><\/li><li class=\"blocks-gallery-item\"><figure><img data-recalc-dims=\"1\" loading=\"lazy\" decoding=\"async\" width=\"960\" height=\"720\" src=\"https:\/\/i0.wp.com\/sprachcafe-polnisch.org\/wp-content\/uploads\/2021\/10\/WhatsApp-Image-2021-10-21-at-20.08.48-1.jpeg?resize=960%2C720&#038;ssl=1\" alt=\"\" data-id=\"2002\" data-full-url=\"https:\/\/sprachcafe-polnisch.org\/wp-content\/uploads\/2021\/10\/WhatsApp-Image-2021-10-21-at-20.08.48-1.jpeg\" data-link=\"https:\/\/sprachcafe-polnisch.org\/pl\/2021\/10\/korzenie\/whatsapp-image-2021-10-21-at-20-08-48-1\/\" class=\"wp-image-2002\" srcset=\"https:\/\/i0.wp.com\/sprachcafe-polnisch.org\/wp-content\/uploads\/2021\/10\/WhatsApp-Image-2021-10-21-at-20.08.48-1.jpeg?resize=1024%2C768&amp;ssl=1 1024w, https:\/\/i0.wp.com\/sprachcafe-polnisch.org\/wp-content\/uploads\/2021\/10\/WhatsApp-Image-2021-10-21-at-20.08.48-1.jpeg?resize=300%2C225&amp;ssl=1 300w, https:\/\/i0.wp.com\/sprachcafe-polnisch.org\/wp-content\/uploads\/2021\/10\/WhatsApp-Image-2021-10-21-at-20.08.48-1.jpeg?resize=768%2C576&amp;ssl=1 768w, https:\/\/i0.wp.com\/sprachcafe-polnisch.org\/wp-content\/uploads\/2021\/10\/WhatsApp-Image-2021-10-21-at-20.08.48-1.jpeg?resize=1536%2C1152&amp;ssl=1 1536w, https:\/\/i0.wp.com\/sprachcafe-polnisch.org\/wp-content\/uploads\/2021\/10\/WhatsApp-Image-2021-10-21-at-20.08.48-1.jpeg?resize=1160%2C870&amp;ssl=1 1160w, https:\/\/i0.wp.com\/sprachcafe-polnisch.org\/wp-content\/uploads\/2021\/10\/WhatsApp-Image-2021-10-21-at-20.08.48-1.jpeg?w=1984&amp;ssl=1 1984w, https:\/\/i0.wp.com\/sprachcafe-polnisch.org\/wp-content\/uploads\/2021\/10\/WhatsApp-Image-2021-10-21-at-20.08.48-1.jpeg?w=1920&amp;ssl=1 1920w\" sizes=\"auto, (max-width: 960px) 100vw, 960px\" \/><\/figure><\/li><li class=\"blocks-gallery-item\"><figure><img data-recalc-dims=\"1\" loading=\"lazy\" decoding=\"async\" width=\"960\" height=\"844\" src=\"https:\/\/i0.wp.com\/sprachcafe-polnisch.org\/wp-content\/uploads\/2021\/10\/WhatsApp-Image-2021-10-21-at-20.08.48-2.jpeg?resize=960%2C844&#038;ssl=1\" alt=\"\" data-id=\"2004\" data-full-url=\"https:\/\/sprachcafe-polnisch.org\/wp-content\/uploads\/2021\/10\/WhatsApp-Image-2021-10-21-at-20.08.48-2.jpeg\" data-link=\"https:\/\/sprachcafe-polnisch.org\/pl\/2021\/10\/korzenie\/whatsapp-image-2021-10-21-at-20-08-48-2\/\" class=\"wp-image-2004\" srcset=\"https:\/\/i0.wp.com\/sprachcafe-polnisch.org\/wp-content\/uploads\/2021\/10\/WhatsApp-Image-2021-10-21-at-20.08.48-2.jpeg?resize=1024%2C900&amp;ssl=1 1024w, https:\/\/i0.wp.com\/sprachcafe-polnisch.org\/wp-content\/uploads\/2021\/10\/WhatsApp-Image-2021-10-21-at-20.08.48-2.jpeg?resize=300%2C264&amp;ssl=1 300w, https:\/\/i0.wp.com\/sprachcafe-polnisch.org\/wp-content\/uploads\/2021\/10\/WhatsApp-Image-2021-10-21-at-20.08.48-2.jpeg?resize=768%2C675&amp;ssl=1 768w, https:\/\/i0.wp.com\/sprachcafe-polnisch.org\/wp-content\/uploads\/2021\/10\/WhatsApp-Image-2021-10-21-at-20.08.48-2.jpeg?resize=1160%2C1020&amp;ssl=1 1160w, https:\/\/i0.wp.com\/sprachcafe-polnisch.org\/wp-content\/uploads\/2021\/10\/WhatsApp-Image-2021-10-21-at-20.08.48-2.jpeg?w=1424&amp;ssl=1 1424w\" sizes=\"auto, (max-width: 960px) 100vw, 960px\" \/><\/figure><\/li><li class=\"blocks-gallery-item\"><figure><img data-recalc-dims=\"1\" loading=\"lazy\" decoding=\"async\" width=\"768\" height=\"1024\" src=\"https:\/\/i0.wp.com\/sprachcafe-polnisch.org\/wp-content\/uploads\/2021\/10\/WhatsApp-Image-2021-10-21-at-20.08.49-2.jpeg?resize=768%2C1024&#038;ssl=1\" alt=\"\" data-id=\"2006\" data-full-url=\"https:\/\/sprachcafe-polnisch.org\/wp-content\/uploads\/2021\/10\/WhatsApp-Image-2021-10-21-at-20.08.49-2.jpeg\" data-link=\"https:\/\/sprachcafe-polnisch.org\/pl\/2021\/10\/korzenie\/whatsapp-image-2021-10-21-at-20-08-49-2\/\" class=\"wp-image-2006\" srcset=\"https:\/\/i0.wp.com\/sprachcafe-polnisch.org\/wp-content\/uploads\/2021\/10\/WhatsApp-Image-2021-10-21-at-20.08.49-2.jpeg?resize=768%2C1024&amp;ssl=1 768w, https:\/\/i0.wp.com\/sprachcafe-polnisch.org\/wp-content\/uploads\/2021\/10\/WhatsApp-Image-2021-10-21-at-20.08.49-2.jpeg?resize=225%2C300&amp;ssl=1 225w, https:\/\/i0.wp.com\/sprachcafe-polnisch.org\/wp-content\/uploads\/2021\/10\/WhatsApp-Image-2021-10-21-at-20.08.49-2.jpeg?resize=1152%2C1536&amp;ssl=1 1152w, https:\/\/i0.wp.com\/sprachcafe-polnisch.org\/wp-content\/uploads\/2021\/10\/WhatsApp-Image-2021-10-21-at-20.08.49-2.jpeg?resize=1160%2C1547&amp;ssl=1 1160w, https:\/\/i0.wp.com\/sprachcafe-polnisch.org\/wp-content\/uploads\/2021\/10\/WhatsApp-Image-2021-10-21-at-20.08.49-2.jpeg?w=1488&amp;ssl=1 1488w\" sizes=\"auto, (max-width: 768px) 100vw, 768px\" \/><\/figure><\/li><li class=\"blocks-gallery-item\"><figure><img data-recalc-dims=\"1\" loading=\"lazy\" decoding=\"async\" width=\"960\" height=\"720\" src=\"https:\/\/i0.wp.com\/sprachcafe-polnisch.org\/wp-content\/uploads\/2021\/10\/WhatsApp-Image-2021-10-21-at-20.08.49.jpeg?resize=960%2C720&#038;ssl=1\" alt=\"\" data-id=\"2008\" data-full-url=\"https:\/\/sprachcafe-polnisch.org\/wp-content\/uploads\/2021\/10\/WhatsApp-Image-2021-10-21-at-20.08.49.jpeg\" data-link=\"https:\/\/sprachcafe-polnisch.org\/pl\/2021\/10\/korzenie\/whatsapp-image-2021-10-21-at-20-08-49\/\" class=\"wp-image-2008\" srcset=\"https:\/\/i0.wp.com\/sprachcafe-polnisch.org\/wp-content\/uploads\/2021\/10\/WhatsApp-Image-2021-10-21-at-20.08.49.jpeg?resize=1024%2C768&amp;ssl=1 1024w, https:\/\/i0.wp.com\/sprachcafe-polnisch.org\/wp-content\/uploads\/2021\/10\/WhatsApp-Image-2021-10-21-at-20.08.49.jpeg?resize=300%2C225&amp;ssl=1 300w, https:\/\/i0.wp.com\/sprachcafe-polnisch.org\/wp-content\/uploads\/2021\/10\/WhatsApp-Image-2021-10-21-at-20.08.49.jpeg?resize=768%2C576&amp;ssl=1 768w, https:\/\/i0.wp.com\/sprachcafe-polnisch.org\/wp-content\/uploads\/2021\/10\/WhatsApp-Image-2021-10-21-at-20.08.49.jpeg?resize=1536%2C1152&amp;ssl=1 1536w, https:\/\/i0.wp.com\/sprachcafe-polnisch.org\/wp-content\/uploads\/2021\/10\/WhatsApp-Image-2021-10-21-at-20.08.49.jpeg?resize=1160%2C870&amp;ssl=1 1160w, https:\/\/i0.wp.com\/sprachcafe-polnisch.org\/wp-content\/uploads\/2021\/10\/WhatsApp-Image-2021-10-21-at-20.08.49.jpeg?w=1984&amp;ssl=1 1984w, https:\/\/i0.wp.com\/sprachcafe-polnisch.org\/wp-content\/uploads\/2021\/10\/WhatsApp-Image-2021-10-21-at-20.08.49.jpeg?w=1920&amp;ssl=1 1920w\" sizes=\"auto, (max-width: 960px) 100vw, 960px\" \/><\/figure><\/li><li class=\"blocks-gallery-item\"><figure><img data-recalc-dims=\"1\" loading=\"lazy\" decoding=\"async\" width=\"960\" height=\"720\" src=\"https:\/\/i0.wp.com\/sprachcafe-polnisch.org\/wp-content\/uploads\/2021\/10\/WhatsApp-Image-2021-10-21-at-20.08.50-1.jpeg?resize=960%2C720&#038;ssl=1\" alt=\"\" data-id=\"2010\" data-full-url=\"https:\/\/sprachcafe-polnisch.org\/wp-content\/uploads\/2021\/10\/WhatsApp-Image-2021-10-21-at-20.08.50-1.jpeg\" data-link=\"https:\/\/sprachcafe-polnisch.org\/pl\/2021\/10\/korzenie\/whatsapp-image-2021-10-21-at-20-08-50-1\/\" class=\"wp-image-2010\" srcset=\"https:\/\/i0.wp.com\/sprachcafe-polnisch.org\/wp-content\/uploads\/2021\/10\/WhatsApp-Image-2021-10-21-at-20.08.50-1.jpeg?resize=1024%2C768&amp;ssl=1 1024w, https:\/\/i0.wp.com\/sprachcafe-polnisch.org\/wp-content\/uploads\/2021\/10\/WhatsApp-Image-2021-10-21-at-20.08.50-1.jpeg?resize=300%2C225&amp;ssl=1 300w, https:\/\/i0.wp.com\/sprachcafe-polnisch.org\/wp-content\/uploads\/2021\/10\/WhatsApp-Image-2021-10-21-at-20.08.50-1.jpeg?resize=768%2C576&amp;ssl=1 768w, https:\/\/i0.wp.com\/sprachcafe-polnisch.org\/wp-content\/uploads\/2021\/10\/WhatsApp-Image-2021-10-21-at-20.08.50-1.jpeg?resize=1536%2C1152&amp;ssl=1 1536w, https:\/\/i0.wp.com\/sprachcafe-polnisch.org\/wp-content\/uploads\/2021\/10\/WhatsApp-Image-2021-10-21-at-20.08.50-1.jpeg?resize=1160%2C870&amp;ssl=1 1160w, https:\/\/i0.wp.com\/sprachcafe-polnisch.org\/wp-content\/uploads\/2021\/10\/WhatsApp-Image-2021-10-21-at-20.08.50-1.jpeg?w=1984&amp;ssl=1 1984w, https:\/\/i0.wp.com\/sprachcafe-polnisch.org\/wp-content\/uploads\/2021\/10\/WhatsApp-Image-2021-10-21-at-20.08.50-1.jpeg?w=1920&amp;ssl=1 1920w\" sizes=\"auto, (max-width: 960px) 100vw, 960px\" \/><\/figure><\/li><li class=\"blocks-gallery-item\"><figure><img data-recalc-dims=\"1\" loading=\"lazy\" decoding=\"async\" width=\"524\" height=\"1024\" src=\"https:\/\/i0.wp.com\/sprachcafe-polnisch.org\/wp-content\/uploads\/2021\/10\/WhatsApp-Image-2021-10-21-at-20.08.50-2.jpeg?resize=524%2C1024&#038;ssl=1\" alt=\"\" data-id=\"2012\" data-full-url=\"https:\/\/sprachcafe-polnisch.org\/wp-content\/uploads\/2021\/10\/WhatsApp-Image-2021-10-21-at-20.08.50-2.jpeg\" data-link=\"https:\/\/sprachcafe-polnisch.org\/pl\/2021\/10\/korzenie\/whatsapp-image-2021-10-21-at-20-08-50-2\/\" class=\"wp-image-2012\" srcset=\"https:\/\/i0.wp.com\/sprachcafe-polnisch.org\/wp-content\/uploads\/2021\/10\/WhatsApp-Image-2021-10-21-at-20.08.50-2.jpeg?resize=524%2C1024&amp;ssl=1 524w, https:\/\/i0.wp.com\/sprachcafe-polnisch.org\/wp-content\/uploads\/2021\/10\/WhatsApp-Image-2021-10-21-at-20.08.50-2.jpeg?resize=154%2C300&amp;ssl=1 154w, https:\/\/i0.wp.com\/sprachcafe-polnisch.org\/wp-content\/uploads\/2021\/10\/WhatsApp-Image-2021-10-21-at-20.08.50-2.jpeg?w=713&amp;ssl=1 713w\" sizes=\"auto, (max-width: 524px) 100vw, 524px\" \/><\/figure><\/li><li class=\"blocks-gallery-item\"><figure><img data-recalc-dims=\"1\" loading=\"lazy\" decoding=\"async\" width=\"960\" height=\"720\" src=\"https:\/\/i0.wp.com\/sprachcafe-polnisch.org\/wp-content\/uploads\/2021\/10\/WhatsApp-Image-2021-10-21-at-20.08.52.jpeg?resize=960%2C720&#038;ssl=1\" alt=\"\" data-id=\"2014\" data-full-url=\"https:\/\/sprachcafe-polnisch.org\/wp-content\/uploads\/2021\/10\/WhatsApp-Image-2021-10-21-at-20.08.52.jpeg\" data-link=\"https:\/\/sprachcafe-polnisch.org\/pl\/2021\/10\/korzenie\/whatsapp-image-2021-10-21-at-20-08-52\/\" class=\"wp-image-2014\" srcset=\"https:\/\/i0.wp.com\/sprachcafe-polnisch.org\/wp-content\/uploads\/2021\/10\/WhatsApp-Image-2021-10-21-at-20.08.52.jpeg?resize=1024%2C768&amp;ssl=1 1024w, https:\/\/i0.wp.com\/sprachcafe-polnisch.org\/wp-content\/uploads\/2021\/10\/WhatsApp-Image-2021-10-21-at-20.08.52.jpeg?resize=300%2C225&amp;ssl=1 300w, https:\/\/i0.wp.com\/sprachcafe-polnisch.org\/wp-content\/uploads\/2021\/10\/WhatsApp-Image-2021-10-21-at-20.08.52.jpeg?resize=768%2C576&amp;ssl=1 768w, https:\/\/i0.wp.com\/sprachcafe-polnisch.org\/wp-content\/uploads\/2021\/10\/WhatsApp-Image-2021-10-21-at-20.08.52.jpeg?resize=1536%2C1152&amp;ssl=1 1536w, https:\/\/i0.wp.com\/sprachcafe-polnisch.org\/wp-content\/uploads\/2021\/10\/WhatsApp-Image-2021-10-21-at-20.08.52.jpeg?resize=1160%2C870&amp;ssl=1 1160w, https:\/\/i0.wp.com\/sprachcafe-polnisch.org\/wp-content\/uploads\/2021\/10\/WhatsApp-Image-2021-10-21-at-20.08.52.jpeg?w=1984&amp;ssl=1 1984w, https:\/\/i0.wp.com\/sprachcafe-polnisch.org\/wp-content\/uploads\/2021\/10\/WhatsApp-Image-2021-10-21-at-20.08.52.jpeg?w=1920&amp;ssl=1 1920w\" sizes=\"auto, (max-width: 960px) 100vw, 960px\" \/><\/figure><\/li><li class=\"blocks-gallery-item\"><figure><img data-recalc-dims=\"1\" loading=\"lazy\" decoding=\"async\" width=\"960\" height=\"720\" src=\"https:\/\/i0.wp.com\/sprachcafe-polnisch.org\/wp-content\/uploads\/2021\/10\/WhatsApp-Image-2021-10-22-at-13.25.40.jpeg?resize=960%2C720&#038;ssl=1\" alt=\"\" data-id=\"2016\" data-full-url=\"https:\/\/sprachcafe-polnisch.org\/wp-content\/uploads\/2021\/10\/WhatsApp-Image-2021-10-22-at-13.25.40.jpeg\" data-link=\"https:\/\/sprachcafe-polnisch.org\/pl\/2021\/10\/korzenie\/whatsapp-image-2021-10-22-at-13-25-40\/\" class=\"wp-image-2016\" srcset=\"https:\/\/i0.wp.com\/sprachcafe-polnisch.org\/wp-content\/uploads\/2021\/10\/WhatsApp-Image-2021-10-22-at-13.25.40.jpeg?resize=1024%2C768&amp;ssl=1 1024w, https:\/\/i0.wp.com\/sprachcafe-polnisch.org\/wp-content\/uploads\/2021\/10\/WhatsApp-Image-2021-10-22-at-13.25.40.jpeg?resize=300%2C225&amp;ssl=1 300w, https:\/\/i0.wp.com\/sprachcafe-polnisch.org\/wp-content\/uploads\/2021\/10\/WhatsApp-Image-2021-10-22-at-13.25.40.jpeg?resize=768%2C576&amp;ssl=1 768w, https:\/\/i0.wp.com\/sprachcafe-polnisch.org\/wp-content\/uploads\/2021\/10\/WhatsApp-Image-2021-10-22-at-13.25.40.jpeg?resize=1536%2C1152&amp;ssl=1 1536w, https:\/\/i0.wp.com\/sprachcafe-polnisch.org\/wp-content\/uploads\/2021\/10\/WhatsApp-Image-2021-10-22-at-13.25.40.jpeg?resize=1160%2C870&amp;ssl=1 1160w, https:\/\/i0.wp.com\/sprachcafe-polnisch.org\/wp-content\/uploads\/2021\/10\/WhatsApp-Image-2021-10-22-at-13.25.40.jpeg?w=1984&amp;ssl=1 1984w, https:\/\/i0.wp.com\/sprachcafe-polnisch.org\/wp-content\/uploads\/2021\/10\/WhatsApp-Image-2021-10-22-at-13.25.40.jpeg?w=1920&amp;ssl=1 1920w\" sizes=\"auto, (max-width: 960px) 100vw, 960px\" \/><\/figure><\/li><li class=\"blocks-gallery-item\"><figure><img data-recalc-dims=\"1\" loading=\"lazy\" decoding=\"async\" width=\"960\" height=\"720\" src=\"https:\/\/i0.wp.com\/sprachcafe-polnisch.org\/wp-content\/uploads\/2021\/10\/WhatsApp-Image-2021-10-22-at-13.25.41.jpeg?resize=960%2C720&#038;ssl=1\" alt=\"\" data-id=\"2018\" data-full-url=\"https:\/\/sprachcafe-polnisch.org\/wp-content\/uploads\/2021\/10\/WhatsApp-Image-2021-10-22-at-13.25.41.jpeg\" data-link=\"https:\/\/sprachcafe-polnisch.org\/pl\/2021\/10\/korzenie\/whatsapp-image-2021-10-22-at-13-25-41\/\" class=\"wp-image-2018\" srcset=\"https:\/\/i0.wp.com\/sprachcafe-polnisch.org\/wp-content\/uploads\/2021\/10\/WhatsApp-Image-2021-10-22-at-13.25.41.jpeg?resize=1024%2C768&amp;ssl=1 1024w, https:\/\/i0.wp.com\/sprachcafe-polnisch.org\/wp-content\/uploads\/2021\/10\/WhatsApp-Image-2021-10-22-at-13.25.41.jpeg?resize=300%2C225&amp;ssl=1 300w, https:\/\/i0.wp.com\/sprachcafe-polnisch.org\/wp-content\/uploads\/2021\/10\/WhatsApp-Image-2021-10-22-at-13.25.41.jpeg?resize=768%2C576&amp;ssl=1 768w, https:\/\/i0.wp.com\/sprachcafe-polnisch.org\/wp-content\/uploads\/2021\/10\/WhatsApp-Image-2021-10-22-at-13.25.41.jpeg?resize=1536%2C1152&amp;ssl=1 1536w, https:\/\/i0.wp.com\/sprachcafe-polnisch.org\/wp-content\/uploads\/2021\/10\/WhatsApp-Image-2021-10-22-at-13.25.41.jpeg?resize=1160%2C870&amp;ssl=1 1160w, https:\/\/i0.wp.com\/sprachcafe-polnisch.org\/wp-content\/uploads\/2021\/10\/WhatsApp-Image-2021-10-22-at-13.25.41.jpeg?w=1984&amp;ssl=1 1984w, https:\/\/i0.wp.com\/sprachcafe-polnisch.org\/wp-content\/uploads\/2021\/10\/WhatsApp-Image-2021-10-22-at-13.25.41.jpeg?w=1920&amp;ssl=1 1920w\" sizes=\"auto, (max-width: 960px) 100vw, 960px\" \/><\/figure><\/li><li class=\"blocks-gallery-item\"><figure><img data-recalc-dims=\"1\" loading=\"lazy\" decoding=\"async\" width=\"960\" height=\"720\" src=\"https:\/\/i0.wp.com\/sprachcafe-polnisch.org\/wp-content\/uploads\/2021\/10\/WhatsApp-Image-2021-10-22-at-13.25.42-1.jpeg?resize=960%2C720&#038;ssl=1\" alt=\"\" data-id=\"2020\" data-full-url=\"https:\/\/sprachcafe-polnisch.org\/wp-content\/uploads\/2021\/10\/WhatsApp-Image-2021-10-22-at-13.25.42-1.jpeg\" data-link=\"https:\/\/sprachcafe-polnisch.org\/pl\/2021\/10\/korzenie\/whatsapp-image-2021-10-22-at-13-25-42-1\/\" class=\"wp-image-2020\" srcset=\"https:\/\/i0.wp.com\/sprachcafe-polnisch.org\/wp-content\/uploads\/2021\/10\/WhatsApp-Image-2021-10-22-at-13.25.42-1.jpeg?resize=1024%2C768&amp;ssl=1 1024w, https:\/\/i0.wp.com\/sprachcafe-polnisch.org\/wp-content\/uploads\/2021\/10\/WhatsApp-Image-2021-10-22-at-13.25.42-1.jpeg?resize=300%2C225&amp;ssl=1 300w, https:\/\/i0.wp.com\/sprachcafe-polnisch.org\/wp-content\/uploads\/2021\/10\/WhatsApp-Image-2021-10-22-at-13.25.42-1.jpeg?resize=768%2C576&amp;ssl=1 768w, https:\/\/i0.wp.com\/sprachcafe-polnisch.org\/wp-content\/uploads\/2021\/10\/WhatsApp-Image-2021-10-22-at-13.25.42-1.jpeg?resize=1536%2C1152&amp;ssl=1 1536w, https:\/\/i0.wp.com\/sprachcafe-polnisch.org\/wp-content\/uploads\/2021\/10\/WhatsApp-Image-2021-10-22-at-13.25.42-1.jpeg?resize=1160%2C870&amp;ssl=1 1160w, https:\/\/i0.wp.com\/sprachcafe-polnisch.org\/wp-content\/uploads\/2021\/10\/WhatsApp-Image-2021-10-22-at-13.25.42-1.jpeg?w=1984&amp;ssl=1 1984w, https:\/\/i0.wp.com\/sprachcafe-polnisch.org\/wp-content\/uploads\/2021\/10\/WhatsApp-Image-2021-10-22-at-13.25.42-1.jpeg?w=1920&amp;ssl=1 1920w\" sizes=\"auto, (max-width: 960px) 100vw, 960px\" \/><\/figure><\/li><\/ul><\/figure>\n\n\n\n<p><span class=\"has-inline-color has-black-color\"><strong>SprachCamp 18.-22.10.2021 r.<br>Serdecznie dzi\u0119kujemy<\/strong> wspania\u0142ym uczestniczkom i uczestnikom naszego programu dla dzieci \u201eSprachCamp Jesie\u0144 2021 | \u017bywio\u0142y\u201d, prowadz\u0105cej go z wielkim zaanga\u017cowaniem, Basi Stillmark, i zespo\u0142owi wolontaryjnemu, Hani i Binhowi oraz Rodzicom &#8211; za ich wspania\u0142e wsparcie! Niech nowe do\u015bwiadczenia i odkrycia oraz rado\u015b\u0107 z tego wsp\u00f3lnie sp\u0119dzonego czasu towarzysz\u0105 Wam jeszcze przez wiele dni! Jeste\u015bcie wspaniali! <br><\/span><\/p>\n\n\n\n<p><span class=\"has-inline-color has-black-color\">Foto \u00a9 B.Stillmark. Binh Hoang, p. te\u017c dyskusja wydarzenia: <a rel=\"noreferrer noopener\" href=\"https:\/\/fb.me\/e\/1KtLMl5aG\" target=\"_blank\">https:\/\/fb.me\/e\/1KtLMl5aG<\/a><\/span> <\/p>\n\n\n\n<hr class=\"wp-block-separator\"\/>\n\n\n\n<h2 class=\"wp-block-heading\">Wydarzenia<\/h2>\n\n\n<div class=\"cff-wrapper\"><div class=\"cff-wrapper-ctn \" ><div id=\"cff\" data-char=\"200\" class=\"cff  cff-mob-cols-1 cff-tab-cols-1  cff-thumb-layout cff-pag cff-doing-gdpr cff-all-reviews cff-nojs  cff-lightbox cff-lb\" style=\"width:100%; \" data-fb-text=\"View on Facebook\" data-offset=\"\" data-timeline-pag=\"true\" data-own-token=\"true\" data-grid-pag=\"offset\" data-lb-comments=\"false\" data-pag-num=\"5\" data-cff-shortcode=\"{&quot;feed&quot;: &quot;10&quot;}\" data-postid=\"1852\" data-cff-flags=\"gdpr\"><svg width=\"24px\" height=\"24px\" version=\"1.1\" xmlns=\"http:\/\/www.w3.org\/2000\/svg\" xmlns:xlink=\"http:\/\/www.w3.org\/1999\/xlink\" class=\"cff-screenreader\" role=\"img\" aria-labelledby=\"metaSVGid metaSVGdesc\"><title id=\"metaSVGid\">Comments Box SVG icons<\/title><desc id=\"metaSVGdesc\">Used for the like, share, comment, and reaction icons<\/desc><defs><linearGradient id=\"angryGrad\" x1=\"0\" x2=\"0\" y1=\"0\" y2=\"1\"><stop offset=\"0%\" stop-color=\"#f9ae9e\" \/><stop offset=\"70%\" stop-color=\"#ffe7a4\" \/><\/linearGradient><linearGradient id=\"likeGrad\"><stop offset=\"25%\" stop-color=\"rgba(0,0,0,0.05)\" \/><stop offset=\"26%\" stop-color=\"rgba(255,255,255,0.7)\" \/><\/linearGradient><linearGradient id=\"likeGradHover\"><stop offset=\"25%\" stop-color=\"#a3caff\" \/><stop offset=\"26%\" stop-color=\"#fff\" \/><\/linearGradient><linearGradient id=\"likeGradDark\"><stop offset=\"25%\" stop-color=\"rgba(255,255,255,0.5)\" \/><stop offset=\"26%\" stop-color=\"rgba(255,255,255,0.7)\" \/><\/linearGradient><\/defs><\/svg>\t\t<div class=\"cff-error-msg\">\r\n\t\t\t<div>\r\n            <svg  aria-hidden=\"true\" focusable=\"false\" data-prefix=\"fas\" data-icon=\"lock\" role=\"img\" xmlns=\"http:\/\/www.w3.org\/2000\/svg\" viewBox=\"0 0 448 512\" class=\"svg-inline--fa fa-lock fa-w-14 \"><path fill=\"currentColor\" d=\"M400 224h-24v-72C376 68.2 307.8 0 224 0S72 68.2 72 152v72H48c-26.5 0-48 21.5-48 48v192c0 26.5 21.5 48 48 48h352c26.5 0 48-21.5 48-48V272c0-26.5-21.5-48-48-48zm-104 0H152v-72c0-39.7 32.3-72 72-72s72 32.3 72 72v72z\"><\/path><\/svg><b>This message is only visible to admins.<\/b><br\/>\t\r\n\t\t\t\tProblem displaying Facebook posts. Backup cache in use.\t\r\n\t\t\t\t\t\t\t\t\t<\/div>\r\n\t\t\t\t\t<div id=\"cff-error-reason\">\r\n\t\t\t\t\t\t\t\t\t\t\t\t\t<b>Error:<\/b> (#200) Provide valid app ID<br\/>\r\n\t\t\t\t\t\t\t\r\n\t\t\t\t\t\t\t\t\t\t\t\t\t<b>Type:<\/b> OAuthException<br\/>\r\n\t\t\t\t\t\t\t\r\n\t\t\t\t\t\t\t\r\n\t\t\t\t\t\t\t\t\r\n\t\t\t\t\t\t\t\r\n\t\t\t\t\t\t\t\r\n\t\t\t\t\t\t\t\t\t\t\t\t\t\t\t\t\t\t\t\t\t\t\t\t<\/div>\r\n\t\t\t\t\t\t\t\t\r\n\t\t<\/div>\r\n\t\t<div class=\"cff-posts-wrap\"><p class=\"cff-no-events\">No upcoming events<\/p><\/div><span class=\"cff_resized_image_data\" data-feedid=\"cff_ej_4428512324495744428512324495745p1\" data-resized=\"[{&quot;media_id&quot;:&quot;6198745720177151&quot;,&quot;facebook_id&quot;:&quot;6198745720177151&quot;,&quot;aspect_ratio&quot;:&quot;1.00&quot;,&quot;sizes&quot;:&quot;[400,250,700]&quot;},{&quot;media_id&quot;:&quot;1214531849933363&quot;,&quot;facebook_id&quot;:&quot;1214531849933363&quot;,&quot;aspect_ratio&quot;:&quot;1.00&quot;,&quot;sizes&quot;:&quot;[400,250,700]&quot;},{&quot;media_id&quot;:&quot;578899687767736&quot;,&quot;facebook_id&quot;:&quot;578899687767736&quot;,&quot;aspect_ratio&quot;:&quot;1.00&quot;,&quot;sizes&quot;:&quot;[400,250,700]&quot;},{&quot;media_id&quot;:&quot;744061147528866&quot;,&quot;facebook_id&quot;:&quot;744061147528866&quot;,&quot;aspect_ratio&quot;:&quot;1.00&quot;,&quot;sizes&quot;:&quot;[400,250,700]&quot;},{&quot;media_id&quot;:&quot;727374715902985&quot;,&quot;facebook_id&quot;:&quot;727374715902985&quot;,&quot;aspect_ratio&quot;:&quot;1.00&quot;,&quot;sizes&quot;:&quot;[400,250,700]&quot;}]\"><\/span><\/div><\/div><div class=\"cff-clear\"><\/div><\/div>\n\n<div class=\"cff-wrapper\"><div class=\"cff-wrapper-ctn \" ><div id=\"cff\" data-char=\"200\" class=\"cff  cff-mob-cols-1 cff-tab-cols-1  cff-thumb-layout cff-pag cff-doing-gdpr cff-all-reviews cff-nojs  cff-lightbox cff-lb\" style=\"width:100%; \" data-fb-text=\"View on Facebook\" data-offset=\"\" data-own-token=\"true\" data-grid-pag=\"offset\" data-lb-comments=\"false\" data-pag-num=\"5\" data-cff-shortcode=\"{&quot;feed&quot;: &quot;9&quot;}\" data-postid=\"1852\" data-cff-flags=\"gdpr\"><svg width=\"24px\" height=\"24px\" version=\"1.1\" xmlns=\"http:\/\/www.w3.org\/2000\/svg\" xmlns:xlink=\"http:\/\/www.w3.org\/1999\/xlink\" class=\"cff-screenreader\" role=\"img\" aria-labelledby=\"metaSVGid metaSVGdesc\"><title id=\"metaSVGid\">Comments Box SVG icons<\/title><desc id=\"metaSVGdesc\">Used for the like, share, comment, and reaction icons<\/desc><defs><linearGradient id=\"angryGrad\" x1=\"0\" x2=\"0\" y1=\"0\" y2=\"1\"><stop offset=\"0%\" stop-color=\"#f9ae9e\" \/><stop offset=\"70%\" stop-color=\"#ffe7a4\" \/><\/linearGradient><linearGradient id=\"likeGrad\"><stop offset=\"25%\" stop-color=\"rgba(0,0,0,0.05)\" \/><stop offset=\"26%\" stop-color=\"rgba(255,255,255,0.7)\" \/><\/linearGradient><linearGradient id=\"likeGradHover\"><stop offset=\"25%\" stop-color=\"#a3caff\" \/><stop offset=\"26%\" stop-color=\"#fff\" \/><\/linearGradient><linearGradient id=\"likeGradDark\"><stop offset=\"25%\" stop-color=\"rgba(255,255,255,0.5)\" \/><stop offset=\"26%\" stop-color=\"rgba(255,255,255,0.7)\" \/><\/linearGradient><\/defs><\/svg>\t\t<div class=\"cff-error-msg\">\r\n\t\t\t<div>\r\n            <svg  aria-hidden=\"true\" focusable=\"false\" data-prefix=\"fas\" data-icon=\"lock\" role=\"img\" xmlns=\"http:\/\/www.w3.org\/2000\/svg\" viewBox=\"0 0 448 512\" class=\"svg-inline--fa fa-lock fa-w-14 \"><path fill=\"currentColor\" d=\"M400 224h-24v-72C376 68.2 307.8 0 224 0S72 68.2 72 152v72H48c-26.5 0-48 21.5-48 48v192c0 26.5 21.5 48 48 48h352c26.5 0 48-21.5 48-48V272c0-26.5-21.5-48-48-48zm-104 0H152v-72c0-39.7 32.3-72 72-72s72 32.3 72 72v72z\"><\/path><\/svg><b>This message is only visible to admins.<\/b><br\/>\t\r\n\t\t\t\tProblem displaying Facebook posts. Backup cache in use.\t\r\n\t\t\t\t\t\t\t\t\t<\/div>\r\n\t\t\t\t\t<div id=\"cff-error-reason\">\r\n\t\t\t\t\t\t\t\t\t\t\t\t\t<b>Error:<\/b> (#200) Provide valid app ID<br\/>\r\n\t\t\t\t\t\t\t\r\n\t\t\t\t\t\t\t\t\t\t\t\t\t<b>Type:<\/b> OAuthException<br\/>\r\n\t\t\t\t\t\t\t\r\n\t\t\t\t\t\t\t\r\n\t\t\t\t\t\t\t\t\r\n\t\t\t\t\t\t\t\r\n\t\t\t\t\t\t\t\r\n\t\t\t\t\t\t\t\t\t\t\t\t\t\t\t\t\t\t\t\t\t\t\t\t<\/div>\r\n\t\t\t\t\t\t\t\t\r\n\t\t<\/div>\r\n\t\t<div class=\"cff-posts-wrap\"><p class=\"cff-no-events\">No upcoming events<\/p><\/div><span class=\"cff_resized_image_data\" data-feedid=\"cff_ej_4428512324495744428512324495745p\" data-resized=\"[]\"><\/span><\/div><\/div><div class=\"cff-clear\"><\/div><\/div>\n\n\n<figure class=\"wp-block-gallery columns-4 is-cropped wp-block-gallery-4 is-layout-flex wp-block-gallery-is-layout-flex\"><ul class=\"blocks-gallery-grid\"><li class=\"blocks-gallery-item\"><figure><img data-recalc-dims=\"1\" loading=\"lazy\" decoding=\"async\" width=\"960\" height=\"640\" src=\"https:\/\/i0.wp.com\/sprachcafe-polnisch.org\/wp-content\/uploads\/2021\/12\/IMG_0555-2.jpg?resize=960%2C640&#038;ssl=1\" alt=\"\" data-id=\"2653\" data-full-url=\"https:\/\/sprachcafe-polnisch.org\/wp-content\/uploads\/2021\/12\/IMG_0555-2-scaled.jpg\" data-link=\"https:\/\/sprachcafe-polnisch.org\/pl\/2021\/10\/korzenie\/img_0555-2\/\" class=\"wp-image-2653\" srcset=\"https:\/\/i0.wp.com\/sprachcafe-polnisch.org\/wp-content\/uploads\/2021\/12\/IMG_0555-2-scaled.jpg?resize=1024%2C683&amp;ssl=1 1024w, https:\/\/i0.wp.com\/sprachcafe-polnisch.org\/wp-content\/uploads\/2021\/12\/IMG_0555-2-scaled.jpg?resize=300%2C200&amp;ssl=1 300w, https:\/\/i0.wp.com\/sprachcafe-polnisch.org\/wp-content\/uploads\/2021\/12\/IMG_0555-2-scaled.jpg?resize=768%2C512&amp;ssl=1 768w, https:\/\/i0.wp.com\/sprachcafe-polnisch.org\/wp-content\/uploads\/2021\/12\/IMG_0555-2-scaled.jpg?resize=1536%2C1024&amp;ssl=1 1536w, https:\/\/i0.wp.com\/sprachcafe-polnisch.org\/wp-content\/uploads\/2021\/12\/IMG_0555-2-scaled.jpg?resize=2048%2C1365&amp;ssl=1 2048w, https:\/\/i0.wp.com\/sprachcafe-polnisch.org\/wp-content\/uploads\/2021\/12\/IMG_0555-2-scaled.jpg?resize=1160%2C773&amp;ssl=1 1160w, https:\/\/i0.wp.com\/sprachcafe-polnisch.org\/wp-content\/uploads\/2021\/12\/IMG_0555-2-scaled.jpg?w=1920&amp;ssl=1 1920w\" sizes=\"auto, (max-width: 960px) 100vw, 960px\" \/><\/figure><\/li><li class=\"blocks-gallery-item\"><figure><img data-recalc-dims=\"1\" loading=\"lazy\" decoding=\"async\" width=\"960\" height=\"640\" src=\"https:\/\/i0.wp.com\/sprachcafe-polnisch.org\/wp-content\/uploads\/2021\/12\/IMG_0469-2-1.jpg?resize=960%2C640&#038;ssl=1\" alt=\"\" data-id=\"2655\" data-full-url=\"https:\/\/sprachcafe-polnisch.org\/wp-content\/uploads\/2021\/12\/IMG_0469-2-1-scaled.jpg\" data-link=\"https:\/\/sprachcafe-polnisch.org\/pl\/2021\/10\/korzenie\/img_0469-2-1\/\" class=\"wp-image-2655\" srcset=\"https:\/\/i0.wp.com\/sprachcafe-polnisch.org\/wp-content\/uploads\/2021\/12\/IMG_0469-2-1-scaled.jpg?resize=1024%2C683&amp;ssl=1 1024w, https:\/\/i0.wp.com\/sprachcafe-polnisch.org\/wp-content\/uploads\/2021\/12\/IMG_0469-2-1-scaled.jpg?resize=300%2C200&amp;ssl=1 300w, https:\/\/i0.wp.com\/sprachcafe-polnisch.org\/wp-content\/uploads\/2021\/12\/IMG_0469-2-1-scaled.jpg?resize=768%2C512&amp;ssl=1 768w, https:\/\/i0.wp.com\/sprachcafe-polnisch.org\/wp-content\/uploads\/2021\/12\/IMG_0469-2-1-scaled.jpg?resize=1536%2C1024&amp;ssl=1 1536w, https:\/\/i0.wp.com\/sprachcafe-polnisch.org\/wp-content\/uploads\/2021\/12\/IMG_0469-2-1-scaled.jpg?resize=2048%2C1365&amp;ssl=1 2048w, https:\/\/i0.wp.com\/sprachcafe-polnisch.org\/wp-content\/uploads\/2021\/12\/IMG_0469-2-1-scaled.jpg?resize=1160%2C773&amp;ssl=1 1160w, https:\/\/i0.wp.com\/sprachcafe-polnisch.org\/wp-content\/uploads\/2021\/12\/IMG_0469-2-1-scaled.jpg?w=1920&amp;ssl=1 1920w\" sizes=\"auto, (max-width: 960px) 100vw, 960px\" \/><\/figure><\/li><li class=\"blocks-gallery-item\"><figure><img data-recalc-dims=\"1\" loading=\"lazy\" decoding=\"async\" width=\"960\" height=\"640\" src=\"https:\/\/i0.wp.com\/sprachcafe-polnisch.org\/wp-content\/uploads\/2021\/12\/IMG_0475-1.jpg?resize=960%2C640&#038;ssl=1\" alt=\"\" data-id=\"2657\" data-full-url=\"https:\/\/sprachcafe-polnisch.org\/wp-content\/uploads\/2021\/12\/IMG_0475-1-scaled.jpg\" data-link=\"https:\/\/sprachcafe-polnisch.org\/pl\/2021\/10\/korzenie\/img_0475-1\/\" class=\"wp-image-2657\" srcset=\"https:\/\/i0.wp.com\/sprachcafe-polnisch.org\/wp-content\/uploads\/2021\/12\/IMG_0475-1-scaled.jpg?resize=1024%2C683&amp;ssl=1 1024w, https:\/\/i0.wp.com\/sprachcafe-polnisch.org\/wp-content\/uploads\/2021\/12\/IMG_0475-1-scaled.jpg?resize=300%2C200&amp;ssl=1 300w, https:\/\/i0.wp.com\/sprachcafe-polnisch.org\/wp-content\/uploads\/2021\/12\/IMG_0475-1-scaled.jpg?resize=768%2C512&amp;ssl=1 768w, https:\/\/i0.wp.com\/sprachcafe-polnisch.org\/wp-content\/uploads\/2021\/12\/IMG_0475-1-scaled.jpg?resize=1536%2C1024&amp;ssl=1 1536w, https:\/\/i0.wp.com\/sprachcafe-polnisch.org\/wp-content\/uploads\/2021\/12\/IMG_0475-1-scaled.jpg?resize=2048%2C1365&amp;ssl=1 2048w, https:\/\/i0.wp.com\/sprachcafe-polnisch.org\/wp-content\/uploads\/2021\/12\/IMG_0475-1-scaled.jpg?resize=1160%2C773&amp;ssl=1 1160w, https:\/\/i0.wp.com\/sprachcafe-polnisch.org\/wp-content\/uploads\/2021\/12\/IMG_0475-1-scaled.jpg?w=1920&amp;ssl=1 1920w\" sizes=\"auto, (max-width: 960px) 100vw, 960px\" \/><\/figure><\/li><li class=\"blocks-gallery-item\"><figure><img data-recalc-dims=\"1\" loading=\"lazy\" decoding=\"async\" width=\"960\" height=\"640\" src=\"https:\/\/i0.wp.com\/sprachcafe-polnisch.org\/wp-content\/uploads\/2021\/12\/IMG_0476-1.jpg?resize=960%2C640&#038;ssl=1\" alt=\"\" data-id=\"2659\" data-full-url=\"https:\/\/sprachcafe-polnisch.org\/wp-content\/uploads\/2021\/12\/IMG_0476-1-scaled.jpg\" data-link=\"https:\/\/sprachcafe-polnisch.org\/pl\/2021\/10\/korzenie\/img_0476-1\/\" class=\"wp-image-2659\" srcset=\"https:\/\/i0.wp.com\/sprachcafe-polnisch.org\/wp-content\/uploads\/2021\/12\/IMG_0476-1-scaled.jpg?resize=1024%2C683&amp;ssl=1 1024w, https:\/\/i0.wp.com\/sprachcafe-polnisch.org\/wp-content\/uploads\/2021\/12\/IMG_0476-1-scaled.jpg?resize=300%2C200&amp;ssl=1 300w, https:\/\/i0.wp.com\/sprachcafe-polnisch.org\/wp-content\/uploads\/2021\/12\/IMG_0476-1-scaled.jpg?resize=768%2C512&amp;ssl=1 768w, https:\/\/i0.wp.com\/sprachcafe-polnisch.org\/wp-content\/uploads\/2021\/12\/IMG_0476-1-scaled.jpg?resize=1536%2C1024&amp;ssl=1 1536w, https:\/\/i0.wp.com\/sprachcafe-polnisch.org\/wp-content\/uploads\/2021\/12\/IMG_0476-1-scaled.jpg?resize=2048%2C1365&amp;ssl=1 2048w, https:\/\/i0.wp.com\/sprachcafe-polnisch.org\/wp-content\/uploads\/2021\/12\/IMG_0476-1-scaled.jpg?resize=1160%2C773&amp;ssl=1 1160w, https:\/\/i0.wp.com\/sprachcafe-polnisch.org\/wp-content\/uploads\/2021\/12\/IMG_0476-1-scaled.jpg?w=1920&amp;ssl=1 1920w\" sizes=\"auto, (max-width: 960px) 100vw, 960px\" \/><\/figure><\/li><li class=\"blocks-gallery-item\"><figure><img data-recalc-dims=\"1\" loading=\"lazy\" decoding=\"async\" width=\"960\" height=\"640\" src=\"https:\/\/i0.wp.com\/sprachcafe-polnisch.org\/wp-content\/uploads\/2021\/12\/IMG_0481-1.jpg?resize=960%2C640&#038;ssl=1\" alt=\"\" data-id=\"2661\" data-full-url=\"https:\/\/sprachcafe-polnisch.org\/wp-content\/uploads\/2021\/12\/IMG_0481-1-scaled.jpg\" data-link=\"https:\/\/sprachcafe-polnisch.org\/pl\/2021\/10\/korzenie\/img_0481-1\/\" class=\"wp-image-2661\" srcset=\"https:\/\/i0.wp.com\/sprachcafe-polnisch.org\/wp-content\/uploads\/2021\/12\/IMG_0481-1-scaled.jpg?resize=1024%2C683&amp;ssl=1 1024w, https:\/\/i0.wp.com\/sprachcafe-polnisch.org\/wp-content\/uploads\/2021\/12\/IMG_0481-1-scaled.jpg?resize=300%2C200&amp;ssl=1 300w, https:\/\/i0.wp.com\/sprachcafe-polnisch.org\/wp-content\/uploads\/2021\/12\/IMG_0481-1-scaled.jpg?resize=768%2C512&amp;ssl=1 768w, https:\/\/i0.wp.com\/sprachcafe-polnisch.org\/wp-content\/uploads\/2021\/12\/IMG_0481-1-scaled.jpg?resize=1536%2C1024&amp;ssl=1 1536w, https:\/\/i0.wp.com\/sprachcafe-polnisch.org\/wp-content\/uploads\/2021\/12\/IMG_0481-1-scaled.jpg?resize=2048%2C1365&amp;ssl=1 2048w, https:\/\/i0.wp.com\/sprachcafe-polnisch.org\/wp-content\/uploads\/2021\/12\/IMG_0481-1-scaled.jpg?resize=1160%2C773&amp;ssl=1 1160w, https:\/\/i0.wp.com\/sprachcafe-polnisch.org\/wp-content\/uploads\/2021\/12\/IMG_0481-1-scaled.jpg?w=1920&amp;ssl=1 1920w\" sizes=\"auto, (max-width: 960px) 100vw, 960px\" \/><\/figure><\/li><li class=\"blocks-gallery-item\"><figure><img data-recalc-dims=\"1\" loading=\"lazy\" decoding=\"async\" width=\"960\" height=\"640\" src=\"https:\/\/i0.wp.com\/sprachcafe-polnisch.org\/wp-content\/uploads\/2021\/12\/IMG_0484-1.jpg?resize=960%2C640&#038;ssl=1\" alt=\"\" data-id=\"2663\" data-full-url=\"https:\/\/sprachcafe-polnisch.org\/wp-content\/uploads\/2021\/12\/IMG_0484-1-scaled.jpg\" data-link=\"https:\/\/sprachcafe-polnisch.org\/pl\/2021\/10\/korzenie\/img_0484-1\/\" class=\"wp-image-2663\" srcset=\"https:\/\/i0.wp.com\/sprachcafe-polnisch.org\/wp-content\/uploads\/2021\/12\/IMG_0484-1-scaled.jpg?resize=1024%2C683&amp;ssl=1 1024w, https:\/\/i0.wp.com\/sprachcafe-polnisch.org\/wp-content\/uploads\/2021\/12\/IMG_0484-1-scaled.jpg?resize=300%2C200&amp;ssl=1 300w, https:\/\/i0.wp.com\/sprachcafe-polnisch.org\/wp-content\/uploads\/2021\/12\/IMG_0484-1-scaled.jpg?resize=768%2C512&amp;ssl=1 768w, https:\/\/i0.wp.com\/sprachcafe-polnisch.org\/wp-content\/uploads\/2021\/12\/IMG_0484-1-scaled.jpg?resize=1536%2C1024&amp;ssl=1 1536w, https:\/\/i0.wp.com\/sprachcafe-polnisch.org\/wp-content\/uploads\/2021\/12\/IMG_0484-1-scaled.jpg?resize=2048%2C1365&amp;ssl=1 2048w, https:\/\/i0.wp.com\/sprachcafe-polnisch.org\/wp-content\/uploads\/2021\/12\/IMG_0484-1-scaled.jpg?resize=1160%2C773&amp;ssl=1 1160w, https:\/\/i0.wp.com\/sprachcafe-polnisch.org\/wp-content\/uploads\/2021\/12\/IMG_0484-1-scaled.jpg?w=1920&amp;ssl=1 1920w\" sizes=\"auto, (max-width: 960px) 100vw, 960px\" \/><\/figure><\/li><li class=\"blocks-gallery-item\"><figure><img data-recalc-dims=\"1\" loading=\"lazy\" decoding=\"async\" width=\"960\" height=\"640\" src=\"https:\/\/i0.wp.com\/sprachcafe-polnisch.org\/wp-content\/uploads\/2021\/12\/IMG_0495-2-1.jpg?resize=960%2C640&#038;ssl=1\" alt=\"\" data-id=\"2665\" data-full-url=\"https:\/\/sprachcafe-polnisch.org\/wp-content\/uploads\/2021\/12\/IMG_0495-2-1-scaled.jpg\" data-link=\"https:\/\/sprachcafe-polnisch.org\/pl\/2021\/10\/korzenie\/img_0495-2-1\/\" class=\"wp-image-2665\" srcset=\"https:\/\/i0.wp.com\/sprachcafe-polnisch.org\/wp-content\/uploads\/2021\/12\/IMG_0495-2-1-scaled.jpg?resize=1024%2C683&amp;ssl=1 1024w, https:\/\/i0.wp.com\/sprachcafe-polnisch.org\/wp-content\/uploads\/2021\/12\/IMG_0495-2-1-scaled.jpg?resize=300%2C200&amp;ssl=1 300w, https:\/\/i0.wp.com\/sprachcafe-polnisch.org\/wp-content\/uploads\/2021\/12\/IMG_0495-2-1-scaled.jpg?resize=768%2C512&amp;ssl=1 768w, https:\/\/i0.wp.com\/sprachcafe-polnisch.org\/wp-content\/uploads\/2021\/12\/IMG_0495-2-1-scaled.jpg?resize=1536%2C1024&amp;ssl=1 1536w, https:\/\/i0.wp.com\/sprachcafe-polnisch.org\/wp-content\/uploads\/2021\/12\/IMG_0495-2-1-scaled.jpg?resize=2048%2C1365&amp;ssl=1 2048w, https:\/\/i0.wp.com\/sprachcafe-polnisch.org\/wp-content\/uploads\/2021\/12\/IMG_0495-2-1-scaled.jpg?resize=1160%2C773&amp;ssl=1 1160w, https:\/\/i0.wp.com\/sprachcafe-polnisch.org\/wp-content\/uploads\/2021\/12\/IMG_0495-2-1-scaled.jpg?w=1920&amp;ssl=1 1920w\" sizes=\"auto, (max-width: 960px) 100vw, 960px\" \/><\/figure><\/li><li class=\"blocks-gallery-item\"><figure><img data-recalc-dims=\"1\" loading=\"lazy\" decoding=\"async\" width=\"960\" height=\"640\" src=\"https:\/\/i0.wp.com\/sprachcafe-polnisch.org\/wp-content\/uploads\/2021\/12\/IMG_0502-1.jpg?resize=960%2C640&#038;ssl=1\" alt=\"\" data-id=\"2667\" data-full-url=\"https:\/\/sprachcafe-polnisch.org\/wp-content\/uploads\/2021\/12\/IMG_0502-1-scaled.jpg\" data-link=\"https:\/\/sprachcafe-polnisch.org\/pl\/2021\/10\/korzenie\/img_0502-1\/\" class=\"wp-image-2667\" srcset=\"https:\/\/i0.wp.com\/sprachcafe-polnisch.org\/wp-content\/uploads\/2021\/12\/IMG_0502-1-scaled.jpg?resize=1024%2C683&amp;ssl=1 1024w, https:\/\/i0.wp.com\/sprachcafe-polnisch.org\/wp-content\/uploads\/2021\/12\/IMG_0502-1-scaled.jpg?resize=300%2C200&amp;ssl=1 300w, https:\/\/i0.wp.com\/sprachcafe-polnisch.org\/wp-content\/uploads\/2021\/12\/IMG_0502-1-scaled.jpg?resize=768%2C512&amp;ssl=1 768w, https:\/\/i0.wp.com\/sprachcafe-polnisch.org\/wp-content\/uploads\/2021\/12\/IMG_0502-1-scaled.jpg?resize=1536%2C1024&amp;ssl=1 1536w, https:\/\/i0.wp.com\/sprachcafe-polnisch.org\/wp-content\/uploads\/2021\/12\/IMG_0502-1-scaled.jpg?resize=2048%2C1365&amp;ssl=1 2048w, https:\/\/i0.wp.com\/sprachcafe-polnisch.org\/wp-content\/uploads\/2021\/12\/IMG_0502-1-scaled.jpg?resize=1160%2C773&amp;ssl=1 1160w, https:\/\/i0.wp.com\/sprachcafe-polnisch.org\/wp-content\/uploads\/2021\/12\/IMG_0502-1-scaled.jpg?w=1920&amp;ssl=1 1920w\" sizes=\"auto, (max-width: 960px) 100vw, 960px\" \/><\/figure><\/li><li class=\"blocks-gallery-item\"><figure><img data-recalc-dims=\"1\" loading=\"lazy\" decoding=\"async\" width=\"960\" height=\"640\" src=\"https:\/\/i0.wp.com\/sprachcafe-polnisch.org\/wp-content\/uploads\/2021\/12\/IMG_0504-2-1.jpg?resize=960%2C640&#038;ssl=1\" alt=\"\" data-id=\"2669\" data-full-url=\"https:\/\/sprachcafe-polnisch.org\/wp-content\/uploads\/2021\/12\/IMG_0504-2-1-scaled.jpg\" data-link=\"https:\/\/sprachcafe-polnisch.org\/pl\/2021\/10\/korzenie\/img_0504-2-1\/\" class=\"wp-image-2669\" srcset=\"https:\/\/i0.wp.com\/sprachcafe-polnisch.org\/wp-content\/uploads\/2021\/12\/IMG_0504-2-1-scaled.jpg?resize=1024%2C683&amp;ssl=1 1024w, https:\/\/i0.wp.com\/sprachcafe-polnisch.org\/wp-content\/uploads\/2021\/12\/IMG_0504-2-1-scaled.jpg?resize=300%2C200&amp;ssl=1 300w, https:\/\/i0.wp.com\/sprachcafe-polnisch.org\/wp-content\/uploads\/2021\/12\/IMG_0504-2-1-scaled.jpg?resize=768%2C512&amp;ssl=1 768w, https:\/\/i0.wp.com\/sprachcafe-polnisch.org\/wp-content\/uploads\/2021\/12\/IMG_0504-2-1-scaled.jpg?resize=1536%2C1024&amp;ssl=1 1536w, https:\/\/i0.wp.com\/sprachcafe-polnisch.org\/wp-content\/uploads\/2021\/12\/IMG_0504-2-1-scaled.jpg?resize=2048%2C1365&amp;ssl=1 2048w, https:\/\/i0.wp.com\/sprachcafe-polnisch.org\/wp-content\/uploads\/2021\/12\/IMG_0504-2-1-scaled.jpg?resize=1160%2C773&amp;ssl=1 1160w, https:\/\/i0.wp.com\/sprachcafe-polnisch.org\/wp-content\/uploads\/2021\/12\/IMG_0504-2-1-scaled.jpg?w=1920&amp;ssl=1 1920w\" sizes=\"auto, (max-width: 960px) 100vw, 960px\" \/><\/figure><\/li><li class=\"blocks-gallery-item\"><figure><img data-recalc-dims=\"1\" loading=\"lazy\" decoding=\"async\" width=\"960\" height=\"640\" src=\"https:\/\/i0.wp.com\/sprachcafe-polnisch.org\/wp-content\/uploads\/2021\/12\/IMG_0509-1.jpg?resize=960%2C640&#038;ssl=1\" alt=\"\" data-id=\"2671\" data-full-url=\"https:\/\/sprachcafe-polnisch.org\/wp-content\/uploads\/2021\/12\/IMG_0509-1-scaled.jpg\" data-link=\"https:\/\/sprachcafe-polnisch.org\/pl\/2021\/10\/korzenie\/img_0509-1\/\" class=\"wp-image-2671\" srcset=\"https:\/\/i0.wp.com\/sprachcafe-polnisch.org\/wp-content\/uploads\/2021\/12\/IMG_0509-1-scaled.jpg?resize=1024%2C683&amp;ssl=1 1024w, https:\/\/i0.wp.com\/sprachcafe-polnisch.org\/wp-content\/uploads\/2021\/12\/IMG_0509-1-scaled.jpg?resize=300%2C200&amp;ssl=1 300w, https:\/\/i0.wp.com\/sprachcafe-polnisch.org\/wp-content\/uploads\/2021\/12\/IMG_0509-1-scaled.jpg?resize=768%2C512&amp;ssl=1 768w, https:\/\/i0.wp.com\/sprachcafe-polnisch.org\/wp-content\/uploads\/2021\/12\/IMG_0509-1-scaled.jpg?resize=1536%2C1024&amp;ssl=1 1536w, https:\/\/i0.wp.com\/sprachcafe-polnisch.org\/wp-content\/uploads\/2021\/12\/IMG_0509-1-scaled.jpg?resize=2048%2C1365&amp;ssl=1 2048w, https:\/\/i0.wp.com\/sprachcafe-polnisch.org\/wp-content\/uploads\/2021\/12\/IMG_0509-1-scaled.jpg?resize=1160%2C773&amp;ssl=1 1160w, https:\/\/i0.wp.com\/sprachcafe-polnisch.org\/wp-content\/uploads\/2021\/12\/IMG_0509-1-scaled.jpg?w=1920&amp;ssl=1 1920w\" sizes=\"auto, (max-width: 960px) 100vw, 960px\" \/><\/figure><\/li><li class=\"blocks-gallery-item\"><figure><img data-recalc-dims=\"1\" loading=\"lazy\" decoding=\"async\" width=\"960\" height=\"640\" src=\"https:\/\/i0.wp.com\/sprachcafe-polnisch.org\/wp-content\/uploads\/2021\/12\/IMG_0512-2-1.jpg?resize=960%2C640&#038;ssl=1\" alt=\"\" data-id=\"2673\" data-full-url=\"https:\/\/sprachcafe-polnisch.org\/wp-content\/uploads\/2021\/12\/IMG_0512-2-1-scaled.jpg\" data-link=\"https:\/\/sprachcafe-polnisch.org\/pl\/2021\/10\/korzenie\/img_0512-2-1\/\" class=\"wp-image-2673\" srcset=\"https:\/\/i0.wp.com\/sprachcafe-polnisch.org\/wp-content\/uploads\/2021\/12\/IMG_0512-2-1-scaled.jpg?resize=1024%2C683&amp;ssl=1 1024w, https:\/\/i0.wp.com\/sprachcafe-polnisch.org\/wp-content\/uploads\/2021\/12\/IMG_0512-2-1-scaled.jpg?resize=300%2C200&amp;ssl=1 300w, https:\/\/i0.wp.com\/sprachcafe-polnisch.org\/wp-content\/uploads\/2021\/12\/IMG_0512-2-1-scaled.jpg?resize=768%2C512&amp;ssl=1 768w, https:\/\/i0.wp.com\/sprachcafe-polnisch.org\/wp-content\/uploads\/2021\/12\/IMG_0512-2-1-scaled.jpg?resize=1536%2C1024&amp;ssl=1 1536w, https:\/\/i0.wp.com\/sprachcafe-polnisch.org\/wp-content\/uploads\/2021\/12\/IMG_0512-2-1-scaled.jpg?resize=2048%2C1365&amp;ssl=1 2048w, https:\/\/i0.wp.com\/sprachcafe-polnisch.org\/wp-content\/uploads\/2021\/12\/IMG_0512-2-1-scaled.jpg?resize=1160%2C773&amp;ssl=1 1160w, https:\/\/i0.wp.com\/sprachcafe-polnisch.org\/wp-content\/uploads\/2021\/12\/IMG_0512-2-1-scaled.jpg?w=1920&amp;ssl=1 1920w\" sizes=\"auto, (max-width: 960px) 100vw, 960px\" \/><\/figure><\/li><li class=\"blocks-gallery-item\"><figure><img data-recalc-dims=\"1\" loading=\"lazy\" decoding=\"async\" width=\"960\" height=\"640\" src=\"https:\/\/i0.wp.com\/sprachcafe-polnisch.org\/wp-content\/uploads\/2021\/12\/IMG_0515-1.jpg?resize=960%2C640&#038;ssl=1\" alt=\"\" data-id=\"2675\" data-full-url=\"https:\/\/sprachcafe-polnisch.org\/wp-content\/uploads\/2021\/12\/IMG_0515-1-scaled.jpg\" data-link=\"https:\/\/sprachcafe-polnisch.org\/pl\/2021\/10\/korzenie\/img_0515-1\/\" class=\"wp-image-2675\" srcset=\"https:\/\/i0.wp.com\/sprachcafe-polnisch.org\/wp-content\/uploads\/2021\/12\/IMG_0515-1-scaled.jpg?resize=1024%2C683&amp;ssl=1 1024w, https:\/\/i0.wp.com\/sprachcafe-polnisch.org\/wp-content\/uploads\/2021\/12\/IMG_0515-1-scaled.jpg?resize=300%2C200&amp;ssl=1 300w, https:\/\/i0.wp.com\/sprachcafe-polnisch.org\/wp-content\/uploads\/2021\/12\/IMG_0515-1-scaled.jpg?resize=768%2C512&amp;ssl=1 768w, https:\/\/i0.wp.com\/sprachcafe-polnisch.org\/wp-content\/uploads\/2021\/12\/IMG_0515-1-scaled.jpg?resize=1536%2C1024&amp;ssl=1 1536w, https:\/\/i0.wp.com\/sprachcafe-polnisch.org\/wp-content\/uploads\/2021\/12\/IMG_0515-1-scaled.jpg?resize=2048%2C1365&amp;ssl=1 2048w, https:\/\/i0.wp.com\/sprachcafe-polnisch.org\/wp-content\/uploads\/2021\/12\/IMG_0515-1-scaled.jpg?resize=1160%2C773&amp;ssl=1 1160w, https:\/\/i0.wp.com\/sprachcafe-polnisch.org\/wp-content\/uploads\/2021\/12\/IMG_0515-1-scaled.jpg?w=1920&amp;ssl=1 1920w\" sizes=\"auto, (max-width: 960px) 100vw, 960px\" \/><\/figure><\/li><li class=\"blocks-gallery-item\"><figure><img data-recalc-dims=\"1\" loading=\"lazy\" decoding=\"async\" width=\"960\" height=\"640\" src=\"https:\/\/i0.wp.com\/sprachcafe-polnisch.org\/wp-content\/uploads\/2021\/12\/IMG_0516-1.jpg?resize=960%2C640&#038;ssl=1\" alt=\"\" data-id=\"2677\" data-full-url=\"https:\/\/sprachcafe-polnisch.org\/wp-content\/uploads\/2021\/12\/IMG_0516-1-scaled.jpg\" data-link=\"https:\/\/sprachcafe-polnisch.org\/pl\/2021\/10\/korzenie\/img_0516-1\/\" class=\"wp-image-2677\" srcset=\"https:\/\/i0.wp.com\/sprachcafe-polnisch.org\/wp-content\/uploads\/2021\/12\/IMG_0516-1-scaled.jpg?resize=1024%2C683&amp;ssl=1 1024w, https:\/\/i0.wp.com\/sprachcafe-polnisch.org\/wp-content\/uploads\/2021\/12\/IMG_0516-1-scaled.jpg?resize=300%2C200&amp;ssl=1 300w, https:\/\/i0.wp.com\/sprachcafe-polnisch.org\/wp-content\/uploads\/2021\/12\/IMG_0516-1-scaled.jpg?resize=768%2C512&amp;ssl=1 768w, https:\/\/i0.wp.com\/sprachcafe-polnisch.org\/wp-content\/uploads\/2021\/12\/IMG_0516-1-scaled.jpg?resize=1536%2C1024&amp;ssl=1 1536w, https:\/\/i0.wp.com\/sprachcafe-polnisch.org\/wp-content\/uploads\/2021\/12\/IMG_0516-1-scaled.jpg?resize=2048%2C1365&amp;ssl=1 2048w, https:\/\/i0.wp.com\/sprachcafe-polnisch.org\/wp-content\/uploads\/2021\/12\/IMG_0516-1-scaled.jpg?resize=1160%2C773&amp;ssl=1 1160w, https:\/\/i0.wp.com\/sprachcafe-polnisch.org\/wp-content\/uploads\/2021\/12\/IMG_0516-1-scaled.jpg?w=1920&amp;ssl=1 1920w\" sizes=\"auto, (max-width: 960px) 100vw, 960px\" \/><\/figure><\/li><li class=\"blocks-gallery-item\"><figure><img data-recalc-dims=\"1\" loading=\"lazy\" decoding=\"async\" width=\"960\" height=\"640\" src=\"https:\/\/i0.wp.com\/sprachcafe-polnisch.org\/wp-content\/uploads\/2021\/12\/IMG_0518-1.jpg?resize=960%2C640&#038;ssl=1\" alt=\"\" data-id=\"2679\" data-full-url=\"https:\/\/sprachcafe-polnisch.org\/wp-content\/uploads\/2021\/12\/IMG_0518-1-scaled.jpg\" data-link=\"https:\/\/sprachcafe-polnisch.org\/pl\/2021\/10\/korzenie\/img_0518-1\/\" class=\"wp-image-2679\" srcset=\"https:\/\/i0.wp.com\/sprachcafe-polnisch.org\/wp-content\/uploads\/2021\/12\/IMG_0518-1-scaled.jpg?resize=1024%2C683&amp;ssl=1 1024w, https:\/\/i0.wp.com\/sprachcafe-polnisch.org\/wp-content\/uploads\/2021\/12\/IMG_0518-1-scaled.jpg?resize=300%2C200&amp;ssl=1 300w, https:\/\/i0.wp.com\/sprachcafe-polnisch.org\/wp-content\/uploads\/2021\/12\/IMG_0518-1-scaled.jpg?resize=768%2C512&amp;ssl=1 768w, https:\/\/i0.wp.com\/sprachcafe-polnisch.org\/wp-content\/uploads\/2021\/12\/IMG_0518-1-scaled.jpg?resize=1536%2C1024&amp;ssl=1 1536w, https:\/\/i0.wp.com\/sprachcafe-polnisch.org\/wp-content\/uploads\/2021\/12\/IMG_0518-1-scaled.jpg?resize=2048%2C1365&amp;ssl=1 2048w, https:\/\/i0.wp.com\/sprachcafe-polnisch.org\/wp-content\/uploads\/2021\/12\/IMG_0518-1-scaled.jpg?resize=1160%2C773&amp;ssl=1 1160w, https:\/\/i0.wp.com\/sprachcafe-polnisch.org\/wp-content\/uploads\/2021\/12\/IMG_0518-1-scaled.jpg?w=1920&amp;ssl=1 1920w\" sizes=\"auto, (max-width: 960px) 100vw, 960px\" \/><\/figure><\/li><li class=\"blocks-gallery-item\"><figure><img data-recalc-dims=\"1\" loading=\"lazy\" decoding=\"async\" width=\"960\" height=\"640\" src=\"https:\/\/i0.wp.com\/sprachcafe-polnisch.org\/wp-content\/uploads\/2021\/12\/IMG_0522-1.jpg?resize=960%2C640&#038;ssl=1\" alt=\"\" data-id=\"2681\" data-full-url=\"https:\/\/sprachcafe-polnisch.org\/wp-content\/uploads\/2021\/12\/IMG_0522-1-scaled.jpg\" data-link=\"https:\/\/sprachcafe-polnisch.org\/pl\/2021\/10\/korzenie\/img_0522-1\/\" class=\"wp-image-2681\" srcset=\"https:\/\/i0.wp.com\/sprachcafe-polnisch.org\/wp-content\/uploads\/2021\/12\/IMG_0522-1-scaled.jpg?resize=1024%2C683&amp;ssl=1 1024w, https:\/\/i0.wp.com\/sprachcafe-polnisch.org\/wp-content\/uploads\/2021\/12\/IMG_0522-1-scaled.jpg?resize=300%2C200&amp;ssl=1 300w, https:\/\/i0.wp.com\/sprachcafe-polnisch.org\/wp-content\/uploads\/2021\/12\/IMG_0522-1-scaled.jpg?resize=768%2C512&amp;ssl=1 768w, https:\/\/i0.wp.com\/sprachcafe-polnisch.org\/wp-content\/uploads\/2021\/12\/IMG_0522-1-scaled.jpg?resize=1536%2C1024&amp;ssl=1 1536w, https:\/\/i0.wp.com\/sprachcafe-polnisch.org\/wp-content\/uploads\/2021\/12\/IMG_0522-1-scaled.jpg?resize=2048%2C1365&amp;ssl=1 2048w, https:\/\/i0.wp.com\/sprachcafe-polnisch.org\/wp-content\/uploads\/2021\/12\/IMG_0522-1-scaled.jpg?resize=1160%2C773&amp;ssl=1 1160w, https:\/\/i0.wp.com\/sprachcafe-polnisch.org\/wp-content\/uploads\/2021\/12\/IMG_0522-1-scaled.jpg?w=1920&amp;ssl=1 1920w\" sizes=\"auto, (max-width: 960px) 100vw, 960px\" \/><\/figure><\/li><li class=\"blocks-gallery-item\"><figure><img data-recalc-dims=\"1\" loading=\"lazy\" decoding=\"async\" width=\"960\" height=\"640\" src=\"https:\/\/i0.wp.com\/sprachcafe-polnisch.org\/wp-content\/uploads\/2021\/12\/IMG_0523-1.jpg?resize=960%2C640&#038;ssl=1\" alt=\"\" data-id=\"2683\" data-full-url=\"https:\/\/sprachcafe-polnisch.org\/wp-content\/uploads\/2021\/12\/IMG_0523-1-scaled.jpg\" data-link=\"https:\/\/sprachcafe-polnisch.org\/pl\/2021\/10\/korzenie\/img_0523-1\/\" class=\"wp-image-2683\" srcset=\"https:\/\/i0.wp.com\/sprachcafe-polnisch.org\/wp-content\/uploads\/2021\/12\/IMG_0523-1-scaled.jpg?resize=1024%2C683&amp;ssl=1 1024w, https:\/\/i0.wp.com\/sprachcafe-polnisch.org\/wp-content\/uploads\/2021\/12\/IMG_0523-1-scaled.jpg?resize=300%2C200&amp;ssl=1 300w, https:\/\/i0.wp.com\/sprachcafe-polnisch.org\/wp-content\/uploads\/2021\/12\/IMG_0523-1-scaled.jpg?resize=768%2C512&amp;ssl=1 768w, https:\/\/i0.wp.com\/sprachcafe-polnisch.org\/wp-content\/uploads\/2021\/12\/IMG_0523-1-scaled.jpg?resize=1536%2C1024&amp;ssl=1 1536w, https:\/\/i0.wp.com\/sprachcafe-polnisch.org\/wp-content\/uploads\/2021\/12\/IMG_0523-1-scaled.jpg?resize=2048%2C1365&amp;ssl=1 2048w, https:\/\/i0.wp.com\/sprachcafe-polnisch.org\/wp-content\/uploads\/2021\/12\/IMG_0523-1-scaled.jpg?resize=1160%2C773&amp;ssl=1 1160w, https:\/\/i0.wp.com\/sprachcafe-polnisch.org\/wp-content\/uploads\/2021\/12\/IMG_0523-1-scaled.jpg?w=1920&amp;ssl=1 1920w\" sizes=\"auto, (max-width: 960px) 100vw, 960px\" \/><\/figure><\/li><li class=\"blocks-gallery-item\"><figure><img data-recalc-dims=\"1\" loading=\"lazy\" decoding=\"async\" width=\"960\" height=\"640\" src=\"https:\/\/i0.wp.com\/sprachcafe-polnisch.org\/wp-content\/uploads\/2021\/12\/IMG_0527-1.jpg?resize=960%2C640&#038;ssl=1\" alt=\"\" data-id=\"2685\" data-full-url=\"https:\/\/sprachcafe-polnisch.org\/wp-content\/uploads\/2021\/12\/IMG_0527-1-scaled.jpg\" data-link=\"https:\/\/sprachcafe-polnisch.org\/pl\/2021\/10\/korzenie\/img_0527-1\/\" class=\"wp-image-2685\" srcset=\"https:\/\/i0.wp.com\/sprachcafe-polnisch.org\/wp-content\/uploads\/2021\/12\/IMG_0527-1-scaled.jpg?resize=1024%2C683&amp;ssl=1 1024w, https:\/\/i0.wp.com\/sprachcafe-polnisch.org\/wp-content\/uploads\/2021\/12\/IMG_0527-1-scaled.jpg?resize=300%2C200&amp;ssl=1 300w, https:\/\/i0.wp.com\/sprachcafe-polnisch.org\/wp-content\/uploads\/2021\/12\/IMG_0527-1-scaled.jpg?resize=768%2C512&amp;ssl=1 768w, https:\/\/i0.wp.com\/sprachcafe-polnisch.org\/wp-content\/uploads\/2021\/12\/IMG_0527-1-scaled.jpg?resize=1536%2C1024&amp;ssl=1 1536w, https:\/\/i0.wp.com\/sprachcafe-polnisch.org\/wp-content\/uploads\/2021\/12\/IMG_0527-1-scaled.jpg?resize=2048%2C1365&amp;ssl=1 2048w, https:\/\/i0.wp.com\/sprachcafe-polnisch.org\/wp-content\/uploads\/2021\/12\/IMG_0527-1-scaled.jpg?resize=1160%2C773&amp;ssl=1 1160w, https:\/\/i0.wp.com\/sprachcafe-polnisch.org\/wp-content\/uploads\/2021\/12\/IMG_0527-1-scaled.jpg?w=1920&amp;ssl=1 1920w\" sizes=\"auto, (max-width: 960px) 100vw, 960px\" \/><\/figure><\/li><li class=\"blocks-gallery-item\"><figure><img data-recalc-dims=\"1\" loading=\"lazy\" decoding=\"async\" width=\"960\" height=\"640\" src=\"https:\/\/i0.wp.com\/sprachcafe-polnisch.org\/wp-content\/uploads\/2021\/12\/IMG_0528-1.jpg?resize=960%2C640&#038;ssl=1\" alt=\"\" data-id=\"2687\" data-full-url=\"https:\/\/sprachcafe-polnisch.org\/wp-content\/uploads\/2021\/12\/IMG_0528-1-scaled.jpg\" data-link=\"https:\/\/sprachcafe-polnisch.org\/pl\/2021\/10\/korzenie\/img_0528-1\/\" class=\"wp-image-2687\" srcset=\"https:\/\/i0.wp.com\/sprachcafe-polnisch.org\/wp-content\/uploads\/2021\/12\/IMG_0528-1-scaled.jpg?resize=1024%2C683&amp;ssl=1 1024w, https:\/\/i0.wp.com\/sprachcafe-polnisch.org\/wp-content\/uploads\/2021\/12\/IMG_0528-1-scaled.jpg?resize=300%2C200&amp;ssl=1 300w, https:\/\/i0.wp.com\/sprachcafe-polnisch.org\/wp-content\/uploads\/2021\/12\/IMG_0528-1-scaled.jpg?resize=768%2C512&amp;ssl=1 768w, https:\/\/i0.wp.com\/sprachcafe-polnisch.org\/wp-content\/uploads\/2021\/12\/IMG_0528-1-scaled.jpg?resize=1536%2C1024&amp;ssl=1 1536w, https:\/\/i0.wp.com\/sprachcafe-polnisch.org\/wp-content\/uploads\/2021\/12\/IMG_0528-1-scaled.jpg?resize=2048%2C1365&amp;ssl=1 2048w, https:\/\/i0.wp.com\/sprachcafe-polnisch.org\/wp-content\/uploads\/2021\/12\/IMG_0528-1-scaled.jpg?resize=1160%2C773&amp;ssl=1 1160w, https:\/\/i0.wp.com\/sprachcafe-polnisch.org\/wp-content\/uploads\/2021\/12\/IMG_0528-1-scaled.jpg?w=1920&amp;ssl=1 1920w\" sizes=\"auto, (max-width: 960px) 100vw, 960px\" \/><\/figure><\/li><li class=\"blocks-gallery-item\"><figure><img data-recalc-dims=\"1\" loading=\"lazy\" decoding=\"async\" width=\"960\" height=\"640\" src=\"https:\/\/i0.wp.com\/sprachcafe-polnisch.org\/wp-content\/uploads\/2021\/12\/IMG_0529-1.jpg?resize=960%2C640&#038;ssl=1\" alt=\"\" data-id=\"2689\" data-full-url=\"https:\/\/sprachcafe-polnisch.org\/wp-content\/uploads\/2021\/12\/IMG_0529-1-scaled.jpg\" data-link=\"https:\/\/sprachcafe-polnisch.org\/pl\/2021\/10\/korzenie\/img_0529-1\/\" class=\"wp-image-2689\" srcset=\"https:\/\/i0.wp.com\/sprachcafe-polnisch.org\/wp-content\/uploads\/2021\/12\/IMG_0529-1-scaled.jpg?resize=1024%2C683&amp;ssl=1 1024w, https:\/\/i0.wp.com\/sprachcafe-polnisch.org\/wp-content\/uploads\/2021\/12\/IMG_0529-1-scaled.jpg?resize=300%2C200&amp;ssl=1 300w, https:\/\/i0.wp.com\/sprachcafe-polnisch.org\/wp-content\/uploads\/2021\/12\/IMG_0529-1-scaled.jpg?resize=768%2C512&amp;ssl=1 768w, https:\/\/i0.wp.com\/sprachcafe-polnisch.org\/wp-content\/uploads\/2021\/12\/IMG_0529-1-scaled.jpg?resize=1536%2C1024&amp;ssl=1 1536w, https:\/\/i0.wp.com\/sprachcafe-polnisch.org\/wp-content\/uploads\/2021\/12\/IMG_0529-1-scaled.jpg?resize=2048%2C1365&amp;ssl=1 2048w, https:\/\/i0.wp.com\/sprachcafe-polnisch.org\/wp-content\/uploads\/2021\/12\/IMG_0529-1-scaled.jpg?resize=1160%2C773&amp;ssl=1 1160w, https:\/\/i0.wp.com\/sprachcafe-polnisch.org\/wp-content\/uploads\/2021\/12\/IMG_0529-1-scaled.jpg?w=1920&amp;ssl=1 1920w\" sizes=\"auto, (max-width: 960px) 100vw, 960px\" \/><\/figure><\/li><li class=\"blocks-gallery-item\"><figure><img data-recalc-dims=\"1\" loading=\"lazy\" decoding=\"async\" width=\"960\" height=\"640\" src=\"https:\/\/i0.wp.com\/sprachcafe-polnisch.org\/wp-content\/uploads\/2021\/12\/IMG_0530-1.jpg?resize=960%2C640&#038;ssl=1\" alt=\"\" data-id=\"2691\" data-full-url=\"https:\/\/sprachcafe-polnisch.org\/wp-content\/uploads\/2021\/12\/IMG_0530-1-scaled.jpg\" data-link=\"https:\/\/sprachcafe-polnisch.org\/pl\/2021\/10\/korzenie\/img_0530-1\/\" class=\"wp-image-2691\" srcset=\"https:\/\/i0.wp.com\/sprachcafe-polnisch.org\/wp-content\/uploads\/2021\/12\/IMG_0530-1-scaled.jpg?resize=1024%2C683&amp;ssl=1 1024w, https:\/\/i0.wp.com\/sprachcafe-polnisch.org\/wp-content\/uploads\/2021\/12\/IMG_0530-1-scaled.jpg?resize=300%2C200&amp;ssl=1 300w, https:\/\/i0.wp.com\/sprachcafe-polnisch.org\/wp-content\/uploads\/2021\/12\/IMG_0530-1-scaled.jpg?resize=768%2C512&amp;ssl=1 768w, https:\/\/i0.wp.com\/sprachcafe-polnisch.org\/wp-content\/uploads\/2021\/12\/IMG_0530-1-scaled.jpg?resize=1536%2C1024&amp;ssl=1 1536w, https:\/\/i0.wp.com\/sprachcafe-polnisch.org\/wp-content\/uploads\/2021\/12\/IMG_0530-1-scaled.jpg?resize=2048%2C1365&amp;ssl=1 2048w, https:\/\/i0.wp.com\/sprachcafe-polnisch.org\/wp-content\/uploads\/2021\/12\/IMG_0530-1-scaled.jpg?resize=1160%2C773&amp;ssl=1 1160w, https:\/\/i0.wp.com\/sprachcafe-polnisch.org\/wp-content\/uploads\/2021\/12\/IMG_0530-1-scaled.jpg?w=1920&amp;ssl=1 1920w\" sizes=\"auto, (max-width: 960px) 100vw, 960px\" \/><\/figure><\/li><li class=\"blocks-gallery-item\"><figure><img data-recalc-dims=\"1\" loading=\"lazy\" decoding=\"async\" width=\"960\" height=\"640\" src=\"https:\/\/i0.wp.com\/sprachcafe-polnisch.org\/wp-content\/uploads\/2021\/12\/IMG_0535-2-1.jpg?resize=960%2C640&#038;ssl=1\" alt=\"\" data-id=\"2693\" data-full-url=\"https:\/\/sprachcafe-polnisch.org\/wp-content\/uploads\/2021\/12\/IMG_0535-2-1-scaled.jpg\" data-link=\"https:\/\/sprachcafe-polnisch.org\/pl\/2021\/10\/korzenie\/img_0535-2-1\/\" class=\"wp-image-2693\" srcset=\"https:\/\/i0.wp.com\/sprachcafe-polnisch.org\/wp-content\/uploads\/2021\/12\/IMG_0535-2-1-scaled.jpg?resize=1024%2C683&amp;ssl=1 1024w, https:\/\/i0.wp.com\/sprachcafe-polnisch.org\/wp-content\/uploads\/2021\/12\/IMG_0535-2-1-scaled.jpg?resize=300%2C200&amp;ssl=1 300w, https:\/\/i0.wp.com\/sprachcafe-polnisch.org\/wp-content\/uploads\/2021\/12\/IMG_0535-2-1-scaled.jpg?resize=768%2C512&amp;ssl=1 768w, https:\/\/i0.wp.com\/sprachcafe-polnisch.org\/wp-content\/uploads\/2021\/12\/IMG_0535-2-1-scaled.jpg?resize=1536%2C1024&amp;ssl=1 1536w, https:\/\/i0.wp.com\/sprachcafe-polnisch.org\/wp-content\/uploads\/2021\/12\/IMG_0535-2-1-scaled.jpg?resize=2048%2C1365&amp;ssl=1 2048w, https:\/\/i0.wp.com\/sprachcafe-polnisch.org\/wp-content\/uploads\/2021\/12\/IMG_0535-2-1-scaled.jpg?resize=1160%2C773&amp;ssl=1 1160w, https:\/\/i0.wp.com\/sprachcafe-polnisch.org\/wp-content\/uploads\/2021\/12\/IMG_0535-2-1-scaled.jpg?w=1920&amp;ssl=1 1920w\" sizes=\"auto, (max-width: 960px) 100vw, 960px\" \/><\/figure><\/li><li class=\"blocks-gallery-item\"><figure><img data-recalc-dims=\"1\" loading=\"lazy\" decoding=\"async\" width=\"960\" height=\"640\" src=\"https:\/\/i0.wp.com\/sprachcafe-polnisch.org\/wp-content\/uploads\/2021\/12\/IMG_0542-1.jpg?resize=960%2C640&#038;ssl=1\" alt=\"\" data-id=\"2695\" data-full-url=\"https:\/\/sprachcafe-polnisch.org\/wp-content\/uploads\/2021\/12\/IMG_0542-1-scaled.jpg\" data-link=\"https:\/\/sprachcafe-polnisch.org\/pl\/2021\/10\/korzenie\/img_0542-1\/\" class=\"wp-image-2695\" srcset=\"https:\/\/i0.wp.com\/sprachcafe-polnisch.org\/wp-content\/uploads\/2021\/12\/IMG_0542-1-scaled.jpg?resize=1024%2C683&amp;ssl=1 1024w, https:\/\/i0.wp.com\/sprachcafe-polnisch.org\/wp-content\/uploads\/2021\/12\/IMG_0542-1-scaled.jpg?resize=300%2C200&amp;ssl=1 300w, https:\/\/i0.wp.com\/sprachcafe-polnisch.org\/wp-content\/uploads\/2021\/12\/IMG_0542-1-scaled.jpg?resize=768%2C512&amp;ssl=1 768w, https:\/\/i0.wp.com\/sprachcafe-polnisch.org\/wp-content\/uploads\/2021\/12\/IMG_0542-1-scaled.jpg?resize=1536%2C1024&amp;ssl=1 1536w, https:\/\/i0.wp.com\/sprachcafe-polnisch.org\/wp-content\/uploads\/2021\/12\/IMG_0542-1-scaled.jpg?resize=2048%2C1365&amp;ssl=1 2048w, https:\/\/i0.wp.com\/sprachcafe-polnisch.org\/wp-content\/uploads\/2021\/12\/IMG_0542-1-scaled.jpg?resize=1160%2C773&amp;ssl=1 1160w, https:\/\/i0.wp.com\/sprachcafe-polnisch.org\/wp-content\/uploads\/2021\/12\/IMG_0542-1-scaled.jpg?w=1920&amp;ssl=1 1920w\" sizes=\"auto, (max-width: 960px) 100vw, 960px\" \/><\/figure><\/li><li class=\"blocks-gallery-item\"><figure><img data-recalc-dims=\"1\" loading=\"lazy\" decoding=\"async\" width=\"960\" height=\"640\" src=\"https:\/\/i0.wp.com\/sprachcafe-polnisch.org\/wp-content\/uploads\/2021\/12\/IMG_0544-1.jpg?resize=960%2C640&#038;ssl=1\" alt=\"\" data-id=\"2697\" data-full-url=\"https:\/\/sprachcafe-polnisch.org\/wp-content\/uploads\/2021\/12\/IMG_0544-1-scaled.jpg\" data-link=\"https:\/\/sprachcafe-polnisch.org\/pl\/2021\/10\/korzenie\/img_0544-1\/\" class=\"wp-image-2697\" srcset=\"https:\/\/i0.wp.com\/sprachcafe-polnisch.org\/wp-content\/uploads\/2021\/12\/IMG_0544-1-scaled.jpg?resize=1024%2C683&amp;ssl=1 1024w, https:\/\/i0.wp.com\/sprachcafe-polnisch.org\/wp-content\/uploads\/2021\/12\/IMG_0544-1-scaled.jpg?resize=300%2C200&amp;ssl=1 300w, https:\/\/i0.wp.com\/sprachcafe-polnisch.org\/wp-content\/uploads\/2021\/12\/IMG_0544-1-scaled.jpg?resize=768%2C512&amp;ssl=1 768w, https:\/\/i0.wp.com\/sprachcafe-polnisch.org\/wp-content\/uploads\/2021\/12\/IMG_0544-1-scaled.jpg?resize=1536%2C1024&amp;ssl=1 1536w, https:\/\/i0.wp.com\/sprachcafe-polnisch.org\/wp-content\/uploads\/2021\/12\/IMG_0544-1-scaled.jpg?resize=2048%2C1365&amp;ssl=1 2048w, https:\/\/i0.wp.com\/sprachcafe-polnisch.org\/wp-content\/uploads\/2021\/12\/IMG_0544-1-scaled.jpg?resize=1160%2C773&amp;ssl=1 1160w, https:\/\/i0.wp.com\/sprachcafe-polnisch.org\/wp-content\/uploads\/2021\/12\/IMG_0544-1-scaled.jpg?w=1920&amp;ssl=1 1920w\" sizes=\"auto, (max-width: 960px) 100vw, 960px\" \/><\/figure><\/li><li class=\"blocks-gallery-item\"><figure><img data-recalc-dims=\"1\" loading=\"lazy\" decoding=\"async\" width=\"960\" height=\"640\" src=\"https:\/\/i0.wp.com\/sprachcafe-polnisch.org\/wp-content\/uploads\/2021\/12\/IMG_0550-2.jpg?resize=960%2C640&#038;ssl=1\" alt=\"\" data-id=\"2699\" data-full-url=\"https:\/\/sprachcafe-polnisch.org\/wp-content\/uploads\/2021\/12\/IMG_0550-2-scaled.jpg\" data-link=\"https:\/\/sprachcafe-polnisch.org\/pl\/2021\/10\/korzenie\/img_0550-2-2\/\" class=\"wp-image-2699\" srcset=\"https:\/\/i0.wp.com\/sprachcafe-polnisch.org\/wp-content\/uploads\/2021\/12\/IMG_0550-2-scaled.jpg?resize=1024%2C683&amp;ssl=1 1024w, https:\/\/i0.wp.com\/sprachcafe-polnisch.org\/wp-content\/uploads\/2021\/12\/IMG_0550-2-scaled.jpg?resize=300%2C200&amp;ssl=1 300w, https:\/\/i0.wp.com\/sprachcafe-polnisch.org\/wp-content\/uploads\/2021\/12\/IMG_0550-2-scaled.jpg?resize=768%2C512&amp;ssl=1 768w, https:\/\/i0.wp.com\/sprachcafe-polnisch.org\/wp-content\/uploads\/2021\/12\/IMG_0550-2-scaled.jpg?resize=1536%2C1024&amp;ssl=1 1536w, https:\/\/i0.wp.com\/sprachcafe-polnisch.org\/wp-content\/uploads\/2021\/12\/IMG_0550-2-scaled.jpg?resize=2048%2C1365&amp;ssl=1 2048w, https:\/\/i0.wp.com\/sprachcafe-polnisch.org\/wp-content\/uploads\/2021\/12\/IMG_0550-2-scaled.jpg?resize=1160%2C773&amp;ssl=1 1160w, https:\/\/i0.wp.com\/sprachcafe-polnisch.org\/wp-content\/uploads\/2021\/12\/IMG_0550-2-scaled.jpg?w=1920&amp;ssl=1 1920w\" sizes=\"auto, (max-width: 960px) 100vw, 960px\" \/><\/figure><\/li><li class=\"blocks-gallery-item\"><figure><img data-recalc-dims=\"1\" loading=\"lazy\" decoding=\"async\" width=\"960\" height=\"640\" src=\"https:\/\/i0.wp.com\/sprachcafe-polnisch.org\/wp-content\/uploads\/2021\/12\/IMG_0552-1.jpg?resize=960%2C640&#038;ssl=1\" alt=\"\" data-id=\"2701\" data-full-url=\"https:\/\/sprachcafe-polnisch.org\/wp-content\/uploads\/2021\/12\/IMG_0552-1-scaled.jpg\" data-link=\"https:\/\/sprachcafe-polnisch.org\/pl\/2021\/10\/korzenie\/img_0552-1\/\" class=\"wp-image-2701\" srcset=\"https:\/\/i0.wp.com\/sprachcafe-polnisch.org\/wp-content\/uploads\/2021\/12\/IMG_0552-1-scaled.jpg?resize=1024%2C683&amp;ssl=1 1024w, https:\/\/i0.wp.com\/sprachcafe-polnisch.org\/wp-content\/uploads\/2021\/12\/IMG_0552-1-scaled.jpg?resize=300%2C200&amp;ssl=1 300w, https:\/\/i0.wp.com\/sprachcafe-polnisch.org\/wp-content\/uploads\/2021\/12\/IMG_0552-1-scaled.jpg?resize=768%2C512&amp;ssl=1 768w, https:\/\/i0.wp.com\/sprachcafe-polnisch.org\/wp-content\/uploads\/2021\/12\/IMG_0552-1-scaled.jpg?resize=1536%2C1024&amp;ssl=1 1536w, https:\/\/i0.wp.com\/sprachcafe-polnisch.org\/wp-content\/uploads\/2021\/12\/IMG_0552-1-scaled.jpg?resize=2048%2C1365&amp;ssl=1 2048w, https:\/\/i0.wp.com\/sprachcafe-polnisch.org\/wp-content\/uploads\/2021\/12\/IMG_0552-1-scaled.jpg?resize=1160%2C773&amp;ssl=1 1160w, https:\/\/i0.wp.com\/sprachcafe-polnisch.org\/wp-content\/uploads\/2021\/12\/IMG_0552-1-scaled.jpg?w=1920&amp;ssl=1 1920w\" sizes=\"auto, (max-width: 960px) 100vw, 960px\" \/><\/figure><\/li><\/ul><\/figure>\n","protected":false},"excerpt":{"rendered":"<p>Wieloj\u0119zyczno\u015b\u0107 i to\u017csamo\u015b\u0107 dla wszystkich pokole\u0144. Herzlichen Dank f\u00fcr den wundersch\u00f6nen Abend mit Musik und Liedern! Hier findet Ihr die bisher gesammelten Musikwerke bei folgenden Veranstaltungen: &#8211; In Advents- und Weihnachtsstimmung am 11.12.2021: https:\/\/fb.me\/e\/1nohC8f14&#8211; Schlaf- und Wiegelieder am 05.11.2021: https:\/\/fb.me\/e\/4mXqNwl6W&#8211; Mehrsprachige Familiennacht am 02.10.2021: https:\/\/fb.me\/e\/2t6PmdYsY Musikst\u00fccke zum H\u00f6ren Polnisch: Barbara StillmarkItalienisch: Manfred und Rachelina GiordanoChinesisch: Wenzhuan OuyangVietnamesisch: Noc Rodzin \u201eDobry wiecz\u00f3r, dobranoc\u2026\u201c 02.10.2021 r. w SprachCaf\u00e9 Drodzy, serdeczne dzi\u0119ki za dzisiejsze wspania\u0142e popo\u0142udnie i wiecz\u00f3r! Po\u0142\u0105czy\u0142a nas muzyka, kt\u00f3ra chocia\u017c pochodzi z odleg\u0142ych stron \u015bwiata niesie podobne tre\u015bci. Dzi\u0119kujemy za Wasz przepi\u0119kny wk\u0142ad i wzruszenia, kt\u00f3rymi si\u0119 z nami podzielili\u015bcie. To prawdziwy dar. Mamy nadziej\u0119 na kolejne spotkania i wzruszenia. Co mo\u017cna stworzy\u0107 ze zbioru ko\u0142ysanek, damy zna\u0107 niebawem. P\u00f3ki co, serdeczne podzi\u0119kowania dla Szko\u0142y Muzycznej im. Bela Bartoka w Pankow, dla Racheliny, Basi Stillmark, dla Inicjatywy Wietnamskich Rodzic\u00f3w, jak r\u00f3wnie\u017c dla Binh\u2019a i Micha\u0142a za techniczne wsparcie. SprachCamp 18.-22.10.2021 r.Serdecznie dzi\u0119kujemy wspania\u0142ym uczestniczkom i uczestnikom naszego programu dla dzieci \u201eSprachCamp Jesie\u0144 2021 | \u017bywio\u0142y\u201d, prowadz\u0105cej go z wielkim zaanga\u017cowaniem, Basi Stillmark, i zespo\u0142owi wolontaryjnemu, Hani i Binhowi oraz Rodzicom &#8211; za ich wspania\u0142e wsparcie! Niech nowe do\u015bwiadczenia i odkrycia oraz rado\u015b\u0107 z tego wsp\u00f3lnie sp\u0119dzonego czasu towarzysz\u0105 Wam jeszcze przez wiele dni! Jeste\u015bcie wspaniali! Foto \u00a9 B.Stillmark. Binh Hoang, p. te\u017c dyskusja wydarzenia: https:\/\/fb.me\/e\/1KtLMl5aG Wydarzenia<\/p>\n","protected":false},"author":2,"featured_media":1849,"comment_status":"open","ping_status":"closed","sticky":false,"template":"","format":"standard","meta":{"jetpack_post_was_ever_published":false,"_jetpack_newsletter_access":"","_jetpack_dont_email_post_to_subs":false,"_jetpack_newsletter_tier_id":0,"_jetpack_memberships_contains_paywalled_content":false,"_jetpack_memberships_contains_paid_content":false,"footnotes":"","jetpack_publicize_message":"","jetpack_publicize_feature_enabled":true,"jetpack_social_post_already_shared":false,"jetpack_social_options":{"image_generator_settings":{"template":"highway","default_image_id":0,"font":"","enabled":false},"version":2}},"categories":[10],"tags":[],"class_list":["post-1852","post","type-post","status-publish","format-standard","has-post-thumbnail","hentry","category-projekty"],"jetpack_publicize_connections":[],"jetpack_featured_media_url":"https:\/\/i0.wp.com\/sprachcafe-polnisch.org\/wp-content\/uploads\/2021\/10\/Blau-Raster-Mode-Collage-Frauentag-Instagram-Post-1.png?fit=1080%2C1080&ssl=1","acf":[],"jetpack-related-posts":[],"jetpack_sharing_enabled":true,"_links":{"self":[{"href":"https:\/\/sprachcafe-polnisch.org\/pl\/wp-json\/wp\/v2\/posts\/1852","targetHints":{"allow":["GET"]}}],"collection":[{"href":"https:\/\/sprachcafe-polnisch.org\/pl\/wp-json\/wp\/v2\/posts"}],"about":[{"href":"https:\/\/sprachcafe-polnisch.org\/pl\/wp-json\/wp\/v2\/types\/post"}],"author":[{"embeddable":true,"href":"https:\/\/sprachcafe-polnisch.org\/pl\/wp-json\/wp\/v2\/users\/2"}],"replies":[{"embeddable":true,"href":"https:\/\/sprachcafe-polnisch.org\/pl\/wp-json\/wp\/v2\/comments?post=1852"}],"version-history":[{"count":0,"href":"https:\/\/sprachcafe-polnisch.org\/pl\/wp-json\/wp\/v2\/posts\/1852\/revisions"}],"wp:featuredmedia":[{"embeddable":true,"href":"https:\/\/sprachcafe-polnisch.org\/pl\/wp-json\/wp\/v2\/media\/1849"}],"wp:attachment":[{"href":"https:\/\/sprachcafe-polnisch.org\/pl\/wp-json\/wp\/v2\/media?parent=1852"}],"wp:term":[{"taxonomy":"category","embeddable":true,"href":"https:\/\/sprachcafe-polnisch.org\/pl\/wp-json\/wp\/v2\/categories?post=1852"},{"taxonomy":"post_tag","embeddable":true,"href":"https:\/\/sprachcafe-polnisch.org\/pl\/wp-json\/wp\/v2\/tags?post=1852"}],"curies":[{"name":"wp","href":"https:\/\/api.w.org\/{rel}","templated":true}]}}