{"id":17209,"date":"2025-03-03T14:43:48","date_gmt":"2025-03-03T13:43:48","guid":{"rendered":"https:\/\/sprachcafe-polnisch.org\/?p=17209"},"modified":"2025-03-03T14:43:50","modified_gmt":"2025-03-03T13:43:50","slug":"trzymajmy-sie-razem-2025","status":"publish","type":"post","link":"https:\/\/sprachcafe-polnisch.org\/pl\/2025\/03\/trzymajmy-sie-razem-2025\/","title":{"rendered":"Trzymajmy si\u0119 razem! 2025"},"content":{"rendered":"\n<p><\/p>\n\n\n\n<p>Projekt wspiera r\u00f3\u017cnorodne dzia\u0142ania SprachCaf\u00e9 jako miejsca spotka\u0144, kultury i edukacji, kt\u00f3re przyczyniaj\u0105 si\u0119 do integracji i uczestnictwa mieszka\u0144c\u00f3w w dzia\u0142aniach dzielnicy.<\/p>\n\n\n\n<p>Oferty s\u0105 niskoprogowe, mi\u0119dzypokoleniowe i mi\u0119dzykulturowe.<br>Dzi\u0119kujemy zespo\u0142owi Biura Integracji \/Urz\u0119dowi Dzielnicy Pankow za wsparcie!<\/p>\n\n\n\n<p>Zapraszamy! Cieszymy si\u0119, \u017ce jeste\u015bcie z nami!<\/p>\n\n\n\n<figure class=\"wp-block-image size-large\"><img data-recalc-dims=\"1\" data-dominant-color=\"e9dcde\" data-has-transparency=\"false\" style=\"--dominant-color: #e9dcde;\" loading=\"lazy\" decoding=\"async\" width=\"960\" height=\"160\" src=\"https:\/\/i0.wp.com\/sprachcafe-polnisch.org\/wp-content\/uploads\/2025\/03\/Berlin-Pankow_horizontal-www-1024x171.webp?resize=960%2C160&#038;ssl=1\" alt=\"\" class=\"wp-image-17210 not-transparent\" srcset=\"https:\/\/i0.wp.com\/sprachcafe-polnisch.org\/wp-content\/uploads\/2025\/03\/Berlin-Pankow_horizontal-www-png.webp?resize=1024%2C171&amp;ssl=1 1024w, https:\/\/i0.wp.com\/sprachcafe-polnisch.org\/wp-content\/uploads\/2025\/03\/Berlin-Pankow_horizontal-www-png.webp?resize=300%2C50&amp;ssl=1 300w, https:\/\/i0.wp.com\/sprachcafe-polnisch.org\/wp-content\/uploads\/2025\/03\/Berlin-Pankow_horizontal-www-png.webp?resize=768%2C128&amp;ssl=1 768w, https:\/\/i0.wp.com\/sprachcafe-polnisch.org\/wp-content\/uploads\/2025\/03\/Berlin-Pankow_horizontal-www-png.webp?resize=1536%2C256&amp;ssl=1 1536w, https:\/\/i0.wp.com\/sprachcafe-polnisch.org\/wp-content\/uploads\/2025\/03\/Berlin-Pankow_horizontal-www-png.webp?resize=2048%2C342&amp;ssl=1 2048w, https:\/\/i0.wp.com\/sprachcafe-polnisch.org\/wp-content\/uploads\/2025\/03\/Berlin-Pankow_horizontal-www-png.webp?resize=1160%2C193&amp;ssl=1 1160w, https:\/\/i0.wp.com\/sprachcafe-polnisch.org\/wp-content\/uploads\/2025\/03\/Berlin-Pankow_horizontal-www-png.webp?w=1920&amp;ssl=1 1920w, https:\/\/i0.wp.com\/sprachcafe-polnisch.org\/wp-content\/uploads\/2025\/03\/Berlin-Pankow_horizontal-www-png.webp?w=2880&amp;ssl=1 2880w\" sizes=\"auto, (max-width: 960px) 100vw, 960px\" \/><\/figure>\n","protected":false},"excerpt":{"rendered":"<p>Projekt wspiera r\u00f3\u017cnorodne dzia\u0142ania SprachCaf\u00e9 jako miejsca spotka\u0144, kultury i edukacji, kt\u00f3re przyczyniaj\u0105 si\u0119 do integracji i uczestnictwa mieszka\u0144c\u00f3w w dzia\u0142aniach dzielnicy. Oferty s\u0105 niskoprogowe, mi\u0119dzypokoleniowe i mi\u0119dzykulturowe.Dzi\u0119kujemy zespo\u0142owi Biura Integracji \/Urz\u0119dowi Dzielnicy Pankow za wsparcie! Zapraszamy! Cieszymy si\u0119, \u017ce jeste\u015bcie z nami!<\/p>\n","protected":false},"author":2,"featured_media":6946,"comment_status":"open","ping_status":"closed","sticky":false,"template":"","format":"standard","meta":{"jetpack_post_was_ever_published":false,"_jetpack_newsletter_access":"","_jetpack_dont_email_post_to_subs":false,"_jetpack_newsletter_tier_id":0,"_jetpack_memberships_contains_paywalled_content":false,"_jetpack_memberships_contains_paid_content":false,"footnotes":"","jetpack_publicize_message":"","jetpack_publicize_feature_enabled":true,"jetpack_social_post_already_shared":true,"jetpack_social_options":{"image_generator_settings":{"template":"highway","default_image_id":0,"font":"","enabled":false},"version":2}},"categories":[10],"tags":[],"class_list":["post-17209","post","type-post","status-publish","format-standard","has-post-thumbnail","hentry","category-projekty"],"jetpack_publicize_connections":[],"jetpack_featured_media_url":"https:\/\/i0.wp.com\/sprachcafe-polnisch.org\/wp-content\/uploads\/2023\/08\/IMG_0545-scaled.jpg?fit=2560%2C1707&ssl=1","acf":[],"jetpack-related-posts":[],"jetpack_sharing_enabled":true,"_links":{"self":[{"href":"https:\/\/sprachcafe-polnisch.org\/pl\/wp-json\/wp\/v2\/posts\/17209","targetHints":{"allow":["GET"]}}],"collection":[{"href":"https:\/\/sprachcafe-polnisch.org\/pl\/wp-json\/wp\/v2\/posts"}],"about":[{"href":"https:\/\/sprachcafe-polnisch.org\/pl\/wp-json\/wp\/v2\/types\/post"}],"author":[{"embeddable":true,"href":"https:\/\/sprachcafe-polnisch.org\/pl\/wp-json\/wp\/v2\/users\/2"}],"replies":[{"embeddable":true,"href":"https:\/\/sprachcafe-polnisch.org\/pl\/wp-json\/wp\/v2\/comments?post=17209"}],"version-history":[{"count":1,"href":"https:\/\/sprachcafe-polnisch.org\/pl\/wp-json\/wp\/v2\/posts\/17209\/revisions"}],"predecessor-version":[{"id":17213,"href":"https:\/\/sprachcafe-polnisch.org\/pl\/wp-json\/wp\/v2\/posts\/17209\/revisions\/17213"}],"wp:featuredmedia":[{"embeddable":true,"href":"https:\/\/sprachcafe-polnisch.org\/pl\/wp-json\/wp\/v2\/media\/6946"}],"wp:attachment":[{"href":"https:\/\/sprachcafe-polnisch.org\/pl\/wp-json\/wp\/v2\/media?parent=17209"}],"wp:term":[{"taxonomy":"category","embeddable":true,"href":"https:\/\/sprachcafe-polnisch.org\/pl\/wp-json\/wp\/v2\/categories?post=17209"},{"taxonomy":"post_tag","embeddable":true,"href":"https:\/\/sprachcafe-polnisch.org\/pl\/wp-json\/wp\/v2\/tags?post=17209"}],"curies":[{"name":"wp","href":"https:\/\/api.w.org\/{rel}","templated":true}]}}