{"id":17199,"date":"2025-03-03T14:27:21","date_gmt":"2025-03-03T13:27:21","guid":{"rendered":"https:\/\/sprachcafe-polnisch.org\/?p=17199"},"modified":"2025-03-04T10:59:47","modified_gmt":"2025-03-04T09:59:47","slug":"uslysz-wielojezycznosc-sprachcafe-im-ohr-2025","status":"publish","type":"post","link":"https:\/\/sprachcafe-polnisch.org\/pl\/2025\/03\/uslysz-wielojezycznosc-sprachcafe-im-ohr-2025\/","title":{"rendered":"Us\u0142ysz wieloj\u0119zyczno\u015b\u0107 | SprachCaf\u00e9 im Ohr 2025"},"content":{"rendered":"\n<p><\/p>\n\n\n\n<p>Rodzice, wychowawcy, opiekunowie, nauczyciele &#8211; wszyscy chcemy jak najlepiej dla naszych dzieci.<br>Jednak ich dwuj\u0119zyczno\u015b\u0107, tr\u00f3jj\u0119zyczno\u015b\u0107 lub wieloj\u0119zyczno\u015b\u0107 mo\u017ce r\u00f3wnie\u017c wymaga\u0107 wiele wysi\u0142ku i powodowa\u0107 trudno\u015bci. Dlatego chcieliby\u015bmy zach\u0119ci\u0107 do wzi\u0119cia udzia\u0142u w projekcie \u201eSprachCaf\u00e9 im Ohr\u201d &#8211; projekcie, kt\u00f3ry stworzyli\u015bmy z my\u015bl\u0105 o tych wszystkich, kt\u00f3rzy zawodowo lub prywatnie zajmuj\u0105 si\u0119 tematem wieloj\u0119zycznej edukacji dzieci.<\/p>\n\n\n\n<p>Nasz projekt sk\u0142ada si\u0119 z:<\/p>\n\n\n\n<ul class=\"wp-block-list\">\n<li>bezp\u0142atnych <strong>konsultacji telefonicznych<\/strong>. Nasi sympatyczni doradcy odpowiedz\u0105 na wszystkie pytania dotycz\u0105ce wieloj\u0119zyczno\u015bci. Konsultacje odbywaj\u0105 si\u0119 w atmosferze zaufania, s\u0105 anonimowe i nieoceniaj\u0105ce!<\/li>\n\n\n\n<li>9 bezp\u0142atnych <strong>kawiarni rodzinnych<\/strong> &#8211; FamilyCaf\u00e9s: mi\u0119dzynarodowe i wieloj\u0119zyczne spotkania dla rodzin i os\u00f3b indywidualnych.<\/li>\n<\/ul>\n\n\n\n<p><strong>J\u0119zyki<\/strong>, w kt\u00f3rych mo\u017cna z nami porozmawia\u0107 to<br>arabski, angielski, dari, francuski, hiszpa\u0144ski, katalo\u0144ski, niemiecki, perski, portugalski, polski, ukrai\u0144ski, rosyjski, wietnamski, w\u0142oski.<\/p>\n\n\n\n<p><a href=\"https:\/\/sprachcafe-polnisch.org\/im-ohr\/pol\/\">Czytaj wi\u0119cej\u2026<\/a><\/p>\n\n\n\n<p class=\"has-small-font-size\">Dofinansowane przez Departament Senatu ds. Pracy, Spraw Spo\u0142ecznych, R\u00f3wno\u015bci, Integracji, R\u00f3\u017cnorodno\u015bci i Przeciwdzia\u0142ania Dyskryminacji w ramach Programu Partycypacji i Integracji.<\/p>\n\n\n\n<p><\/p>\n","protected":false},"excerpt":{"rendered":"<p>Rodzice, wychowawcy, opiekunowie, nauczyciele &#8211; wszyscy chcemy jak najlepiej dla naszych dzieci.Jednak ich dwuj\u0119zyczno\u015b\u0107, tr\u00f3jj\u0119zyczno\u015b\u0107 lub wieloj\u0119zyczno\u015b\u0107 mo\u017ce r\u00f3wnie\u017c wymaga\u0107 wiele wysi\u0142ku i powodowa\u0107 trudno\u015bci. Dlatego chcieliby\u015bmy zach\u0119ci\u0107 do wzi\u0119cia udzia\u0142u w projekcie \u201eSprachCaf\u00e9 im Ohr\u201d &#8211; projekcie, kt\u00f3ry stworzyli\u015bmy z my\u015bl\u0105 o tych wszystkich, kt\u00f3rzy zawodowo lub prywatnie zajmuj\u0105 si\u0119 tematem wieloj\u0119zycznej edukacji dzieci. Nasz projekt sk\u0142ada si\u0119 z: J\u0119zyki, w kt\u00f3rych mo\u017cna z nami porozmawia\u0107 toarabski, angielski, dari, francuski, hiszpa\u0144ski, katalo\u0144ski, niemiecki, perski, portugalski, polski, ukrai\u0144ski, rosyjski, wietnamski, w\u0142oski. Czytaj wi\u0119cej\u2026 Dofinansowane przez Departament Senatu ds. Pracy, Spraw Spo\u0142ecznych, R\u00f3wno\u015bci, Integracji, R\u00f3\u017cnorodno\u015bci i Przeciwdzia\u0142ania Dyskryminacji w ramach Programu Partycypacji i Integracji.<\/p>\n","protected":false},"author":2,"featured_media":15736,"comment_status":"open","ping_status":"closed","sticky":false,"template":"","format":"standard","meta":{"jetpack_post_was_ever_published":false,"_jetpack_newsletter_access":"","_jetpack_dont_email_post_to_subs":false,"_jetpack_newsletter_tier_id":0,"_jetpack_memberships_contains_paywalled_content":false,"_jetpack_memberships_contains_paid_content":false,"footnotes":"","jetpack_publicize_message":"","jetpack_publicize_feature_enabled":true,"jetpack_social_post_already_shared":true,"jetpack_social_options":{"image_generator_settings":{"template":"highway","default_image_id":0,"font":"","enabled":false},"version":2}},"categories":[10],"tags":[],"class_list":["post-17199","post","type-post","status-publish","format-standard","has-post-thumbnail","hentry","category-projekty"],"jetpack_publicize_connections":[],"jetpack_featured_media_url":"https:\/\/i0.wp.com\/sprachcafe-polnisch.org\/wp-content\/uploads\/2024\/09\/logo-2-png-e1727423034458.webp?fit=1080%2C1080&ssl=1","acf":[],"jetpack-related-posts":[],"jetpack_sharing_enabled":true,"_links":{"self":[{"href":"https:\/\/sprachcafe-polnisch.org\/pl\/wp-json\/wp\/v2\/posts\/17199","targetHints":{"allow":["GET"]}}],"collection":[{"href":"https:\/\/sprachcafe-polnisch.org\/pl\/wp-json\/wp\/v2\/posts"}],"about":[{"href":"https:\/\/sprachcafe-polnisch.org\/pl\/wp-json\/wp\/v2\/types\/post"}],"author":[{"embeddable":true,"href":"https:\/\/sprachcafe-polnisch.org\/pl\/wp-json\/wp\/v2\/users\/2"}],"replies":[{"embeddable":true,"href":"https:\/\/sprachcafe-polnisch.org\/pl\/wp-json\/wp\/v2\/comments?post=17199"}],"version-history":[{"count":2,"href":"https:\/\/sprachcafe-polnisch.org\/pl\/wp-json\/wp\/v2\/posts\/17199\/revisions"}],"predecessor-version":[{"id":17219,"href":"https:\/\/sprachcafe-polnisch.org\/pl\/wp-json\/wp\/v2\/posts\/17199\/revisions\/17219"}],"wp:featuredmedia":[{"embeddable":true,"href":"https:\/\/sprachcafe-polnisch.org\/pl\/wp-json\/wp\/v2\/media\/15736"}],"wp:attachment":[{"href":"https:\/\/sprachcafe-polnisch.org\/pl\/wp-json\/wp\/v2\/media?parent=17199"}],"wp:term":[{"taxonomy":"category","embeddable":true,"href":"https:\/\/sprachcafe-polnisch.org\/pl\/wp-json\/wp\/v2\/categories?post=17199"},{"taxonomy":"post_tag","embeddable":true,"href":"https:\/\/sprachcafe-polnisch.org\/pl\/wp-json\/wp\/v2\/tags?post=17199"}],"curies":[{"name":"wp","href":"https:\/\/api.w.org\/{rel}","templated":true}]}}