{"id":16329,"date":"2024-12-13T07:51:14","date_gmt":"2024-12-13T06:51:14","guid":{"rendered":"https:\/\/sprachcafe-polnisch.org\/?p=16329"},"modified":"2024-12-13T20:59:57","modified_gmt":"2024-12-13T19:59:57","slug":"wsparcie-inicjatyw-edukacyjnych-w-niemczech","status":"publish","type":"post","link":"https:\/\/sprachcafe-polnisch.org\/pl\/2024\/12\/wsparcie-inicjatyw-edukacyjnych-w-niemczech\/","title":{"rendered":"\u201eWsparcie inicjatyw edukacyjnych w Niemczech\u201d"},"content":{"rendered":"\n<p><\/p>\n\n\n\n<p>Informujemy, \u017ce nasza organizacja otrzyma\u0142a za po\u015brednictwem Stowarzyszenia \u201eWsp\u00f3lnota Polska\u201d dofinansowanie od Instytutu Rozwoju J\u0119zyka Polskiego im. \u015aw. Maksymiliana Marii Kolbego ze \u015brodk\u00f3w Ministra Edukacji Narodowej w ramach konkursu \u201eWsparcie dzia\u0142a\u0144 promuj\u0105cych j\u0119zyk i kultur\u0119 polsk\u0105 na \u015bwiecie\u201d.<\/p>\n\n\n\n<p>Nazwa zadania publicznego: \u201eWsparcie inicjatyw edukacyjnych w Niemczech\u201d<\/p>\n\n\n\n<p>Kwota dotacji w 2024 r.: 102 908,00 PLN<\/p>\n\n\n\n<p>Ca\u0142kowita warto\u015b\u0107 zadania publicznego: 232 554,00 PLN<\/p>\n\n\n\n<p>Data podpisania umowy: 19.11.2024 r.<\/p>\n\n\n\n<p>Zadanie publiczne \u201eWsparcie inicjatyw edukacyjnych w Niemczech\u201d dotyczy dofinansowania koszt\u00f3w niezb\u0119dnych do realizacji planowanego wydarzenia, m. in. zakup materia\u0142\u00f3w biurowych, dekoracyjnych i edukacyjnych, przygotowanie i druk materia\u0142\u00f3w promocyjnych, koszty transportu, zakup nagr\u00f3d, zakwaterowanie i wy\u017cywienie, wynagrodzenia ekspert\u00f3w, wynajem sprz\u0119tu i sal itp.<\/p>\n","protected":false},"excerpt":{"rendered":"<p>Informujemy, \u017ce nasza organizacja otrzyma\u0142a za po\u015brednictwem Stowarzyszenia \u201eWsp\u00f3lnota Polska\u201d dofinansowanie od Instytutu Rozwoju J\u0119zyka Polskiego im. \u015aw. Maksymiliana Marii Kolbego ze \u015brodk\u00f3w Ministra Edukacji Narodowej w ramach konkursu \u201eWsparcie dzia\u0142a\u0144 promuj\u0105cych j\u0119zyk i kultur\u0119 polsk\u0105 na \u015bwiecie\u201d. Nazwa zadania publicznego: \u201eWsparcie inicjatyw edukacyjnych w Niemczech\u201d Kwota dotacji w 2024 r.: 102 908,00 PLN Ca\u0142kowita warto\u015b\u0107 zadania publicznego: 232 554,00 PLN Data podpisania umowy: 19.11.2024 r. Zadanie publiczne \u201eWsparcie inicjatyw edukacyjnych w Niemczech\u201d dotyczy dofinansowania koszt\u00f3w niezb\u0119dnych do realizacji planowanego wydarzenia, m. in. zakup materia\u0142\u00f3w biurowych, dekoracyjnych i edukacyjnych, przygotowanie i druk materia\u0142\u00f3w promocyjnych, koszty transportu, zakup nagr\u00f3d, zakwaterowanie i wy\u017cywienie, wynagrodzenia ekspert\u00f3w, wynajem sprz\u0119tu i sal itp.<\/p>\n","protected":false},"author":2,"featured_media":16327,"comment_status":"open","ping_status":"closed","sticky":false,"template":"","format":"standard","meta":{"jetpack_post_was_ever_published":false,"_jetpack_newsletter_access":"","_jetpack_dont_email_post_to_subs":false,"_jetpack_newsletter_tier_id":0,"_jetpack_memberships_contains_paywalled_content":false,"_jetpack_memberships_contains_paid_content":false,"footnotes":"","jetpack_publicize_message":"","jetpack_publicize_feature_enabled":true,"jetpack_social_post_already_shared":true,"jetpack_social_options":{"image_generator_settings":{"template":"highway","default_image_id":0,"font":"","enabled":false},"version":2}},"categories":[10],"tags":[],"class_list":["post-16329","post","type-post","status-publish","format-standard","has-post-thumbnail","hentry","category-projekty"],"jetpack_publicize_connections":[],"jetpack_featured_media_url":"https:\/\/i0.wp.com\/sprachcafe-polnisch.org\/wp-content\/uploads\/2024\/12\/plansza_dofinansowano_instytut_page-0001.webp?fit=1240%2C1035&ssl=1","acf":[],"jetpack-related-posts":[],"jetpack_sharing_enabled":true,"_links":{"self":[{"href":"https:\/\/sprachcafe-polnisch.org\/pl\/wp-json\/wp\/v2\/posts\/16329","targetHints":{"allow":["GET"]}}],"collection":[{"href":"https:\/\/sprachcafe-polnisch.org\/pl\/wp-json\/wp\/v2\/posts"}],"about":[{"href":"https:\/\/sprachcafe-polnisch.org\/pl\/wp-json\/wp\/v2\/types\/post"}],"author":[{"embeddable":true,"href":"https:\/\/sprachcafe-polnisch.org\/pl\/wp-json\/wp\/v2\/users\/2"}],"replies":[{"embeddable":true,"href":"https:\/\/sprachcafe-polnisch.org\/pl\/wp-json\/wp\/v2\/comments?post=16329"}],"version-history":[{"count":2,"href":"https:\/\/sprachcafe-polnisch.org\/pl\/wp-json\/wp\/v2\/posts\/16329\/revisions"}],"predecessor-version":[{"id":16335,"href":"https:\/\/sprachcafe-polnisch.org\/pl\/wp-json\/wp\/v2\/posts\/16329\/revisions\/16335"}],"wp:featuredmedia":[{"embeddable":true,"href":"https:\/\/sprachcafe-polnisch.org\/pl\/wp-json\/wp\/v2\/media\/16327"}],"wp:attachment":[{"href":"https:\/\/sprachcafe-polnisch.org\/pl\/wp-json\/wp\/v2\/media?parent=16329"}],"wp:term":[{"taxonomy":"category","embeddable":true,"href":"https:\/\/sprachcafe-polnisch.org\/pl\/wp-json\/wp\/v2\/categories?post=16329"},{"taxonomy":"post_tag","embeddable":true,"href":"https:\/\/sprachcafe-polnisch.org\/pl\/wp-json\/wp\/v2\/tags?post=16329"}],"curies":[{"name":"wp","href":"https:\/\/api.w.org\/{rel}","templated":true}]}}