{"id":1551,"date":"2021-08-18T08:53:48","date_gmt":"2021-08-18T06:53:48","guid":{"rendered":"https:\/\/sprachcafe-polnisch.org\/?p=1551"},"modified":"2021-12-27T21:55:02","modified_gmt":"2021-12-27T20:55:02","slug":"klub-dyskusyjny-buch-czyli-ksiazka","status":"publish","type":"post","link":"https:\/\/sprachcafe-polnisch.org\/pl\/2021\/08\/klub-dyskusyjny-buch-czyli-ksiazka\/","title":{"rendered":"Klub dyskusyjny: Buch, czyli ksi\u0105\u017cka"},"content":{"rendered":"\n<p><strong><strong>Projekt \u201eBuch, czyli ksi\u0105\u017cka\u201d jest dyskusyjnym klubem ksi\u0105\u017ckowym online skupionym wok\u00f3\u0142 literatury niemieckoj\u0119zycznej.<\/strong><\/strong> Ju\u017c we wrze\u015bniu wyruszamy w fascynuj\u0105c\u0105 podr\u00f3\u017c po literaturze niemieckoj\u0119zycznej, zatrzymuj\u0105c si\u0119 zar\u00f3wno przy nowo\u015bciach, jak i si\u0119gaj\u0105c po klasyk\u00f3w. Spotkania odb\u0119d\u0105 si\u0119 online, wi\u0119c nie ograniczaj\u0105 nas odleg\u0142o\u015bci \u2013 do dyskusji zapraszamy wszystkich, kt\u00f3rzy chcieliby podzieli\u0107 si\u0119 swoimi wra\u017ceniami z przeczytanych ksi\u0105\u017cek lub pos\u0142ucha\u0107, co m\u00f3wi\u0105 o nich inni.<\/p>\n\n\n\n<figure class=\"wp-block-image size-full is-style-rounded\"><img data-recalc-dims=\"1\" loading=\"lazy\" decoding=\"async\" width=\"960\" height=\"349\" src=\"https:\/\/i0.wp.com\/sprachcafe-polnisch.org\/wp-content\/uploads\/2021\/08\/buch_white_small.jpg?resize=960%2C349&#038;ssl=1\" alt=\"\" class=\"wp-image-1546\" srcset=\"https:\/\/i0.wp.com\/sprachcafe-polnisch.org\/wp-content\/uploads\/2021\/08\/buch_white_small.jpg?w=1024&amp;ssl=1 1024w, https:\/\/i0.wp.com\/sprachcafe-polnisch.org\/wp-content\/uploads\/2021\/08\/buch_white_small.jpg?resize=300%2C109&amp;ssl=1 300w, https:\/\/i0.wp.com\/sprachcafe-polnisch.org\/wp-content\/uploads\/2021\/08\/buch_white_small.jpg?resize=768%2C279&amp;ssl=1 768w\" sizes=\"auto, (max-width: 960px) 100vw, 960px\" \/><\/figure>\n\n\n\n<p><strong>\u201eBuch, czyli ksi\u0105\u017cka\u201d<\/strong>&nbsp;to literatura niemieckoj\u0119zyczna w dw\u00f3ch segmentach: najnowsze dzie\u0142a literatury niemieckoj\u0119zycznej, kt\u00f3re zosta\u0142y tak\u017ce przet\u0142umaczone i wydane w Polsce w ci\u0105gu ostatnich lat oraz wybrane pozycje literatury klasycznej odczytywanej \u201ena nowo\u201d.<\/p>\n\n\n\n<h1 class=\"has-black-color has-text-color wp-block-heading\">Plan spotka\u0144<\/h1>\n\n\n\n<h2 class=\"has-black-color has-text-color wp-block-heading\">Wrzesie\u0144<\/h2>\n\n\n\n<p><strong>07.09<\/strong>., godz. 19.00 \u2013 \u201ePodr\u00f3\u017cny\u201d (\u201eDer Reisende\u201d) A. Boschwitz, wyd. Znak, Krak\u00f3w 2019, t\u0142um. El\u017cbieta Ptaszy\u0144ska-Sadowska, NIEMCY\/&nbsp;<strong>KLASYKA PO NIEMIECKU<\/strong><\/p>\n\n\n\n<p>moderacja:&nbsp;<strong>Marcin Wilk<\/strong><\/p>\n\n\n\n<p><strong>21.09<\/strong>, godz. 19.00 \u2013 \u201eSen o okapi\u201d (\u201eWas man von hier aus sehen kann\u201d) Mariana Leky , wyd. Otwarte, 2021, t\u0142um. Agnieszka Walczy, NIEMCY\/&nbsp;<strong>NAJNOWSZE PO NIEMIECKU<\/strong><\/p>\n\n\n\n<p>moderacja:&nbsp;<strong>Natalia Staszczak-Pr\u00fcfer<\/strong><\/p>\n\n\n\n<h2 class=\"has-black-color has-text-color wp-block-heading\">Pa\u017adziernik<\/h2>\n\n\n\n<p><strong>12.10<\/strong>, godz. 19.00 \u2013 \u201eCo dalej, szary cz\u0142owieku\u201d (\u201eKleiner Man \u2013 was nun\u201d) Hans Fallada Wyd. Sonia Draga, 2013, t\u0142um. Dariusz Guzik, NIEMCY\/&nbsp;<strong>KLASYKA PO NIEMIECKU<\/strong><\/p>\n\n\n\n<p>moderacja:<strong>&nbsp;Marcin Wilk<\/strong><\/p>\n\n\n\n<p><strong>19.10<\/strong>, godz. 19.00 \u2013 \u201eTrafikant\u201d Robert Seethaler, wyd. Otwarte, 2019, t\u0142um. Ewa Kochanowska, AUSTRIA\/&nbsp;<strong>NAJNOWSZE PO NIEMIECKU<\/strong><\/p>\n\n\n\n<p>moderacja:&nbsp;<strong>Natalia Staszczak-Pr\u00fcfer<\/strong><\/p>\n\n\n\n<h2 class=\"has-black-color has-text-color wp-block-heading\">Listopad<\/h2>\n\n\n\n<p><strong>09.11<\/strong>, godz. 19.00 \u2013 \u201eNiepokoje wychowanka Toerlessa\u201d (\u201eDie Verwirrungen des Z\u00f6glings T\u00f6rle\u00df\u201c) Robert Musil, t\u0142um. Wanda Kragen. AUSTRIA\/&nbsp;<strong>KLASYKA PO NIEMIECKU<\/strong><\/p>\n\n\n\n<p>moderacja:&nbsp;<strong>Marcin Wilk<\/strong><\/p>\n\n\n\n<p><strong>23.11<\/strong>, godz. 19.00 \u2013 \u201eNocny powr\u00f3t\u201d (\u201eDer Heimweg\u201d) Sebastian Fitzek, wyd. Amber, 2021, t\u0142um. Rafa\u0142 Sarna, NIEMCY\/&nbsp;<strong>NAJNOWSZE PO NIEMIECKU<\/strong><\/p>\n\n\n\n<p>moderacja:&nbsp;<strong>Natalia Staszczak-Pr\u00fcfer<\/strong><\/p>\n\n\n\n<hr class=\"wp-block-separator\"\/>\n\n\n\n<h2 class=\"has-text-align-center has-black-color has-text-color wp-block-heading\">Wszystkie spotkania b\u0119d\u0105 odbywa\u0107 si\u0119 o godzinie&nbsp;<strong>19.00<\/strong><\/h2>\n\n\n\n<h3 class=\"has-text-align-center has-black-color has-text-color wp-block-heading\">Spotykamy si\u0119 online!<\/h3>\n\n\n\n<hr class=\"wp-block-separator\"\/>\n\n\n\n<p>Wi\u0119cej informacji: <a href=\"https:\/\/buchczyliksiazka.org\/\" target=\"_blank\" rel=\"noreferrer noopener\">https:\/\/buchczyliksiazka.org\/<\/a><\/p>\n\n\n\n<p><strong><a href=\"https:\/\/sprachcafe-polnisch.org\/wp-content\/uploads\/2021\/12\/Buch-czyli-ksiazka-katalogPL.pdf\"><span class=\"has-inline-color has-vivid-red-color\">KATALOG<\/span><\/a> <\/strong><\/p>\n\n\n\n<p>Kontakt: <a href=\"mailto:buchczyliksiazka@gmail.com\">buchczyliksiazka@gmail.com<\/a> <\/p>\n\n\n\n<hr class=\"wp-block-separator\"\/>\n\n\n\n<h2 class=\"wp-block-heading\">Wydarzenia<\/h2>\n\n\n<div class=\"cff-wrapper\"><div class=\"cff-wrapper-ctn \" ><div id=\"cff\" data-char=\"200\" class=\"cff  cff-mob-cols-1 cff-tab-cols-1  cff-thumb-layout cff-pag cff-doing-gdpr cff-all-reviews cff-nojs  cff-lightbox cff-lb\" style=\"width:100%; \" data-fb-text=\"View on Facebook\" data-offset=\"\" data-own-token=\"true\" data-grid-pag=\"offset\" data-lb-comments=\"false\" data-pag-num=\"5\" data-cff-shortcode=\"{&quot;feed&quot;: &quot;13&quot;}\" data-postid=\"1551\" data-cff-flags=\"gdpr\"><svg width=\"24px\" height=\"24px\" version=\"1.1\" xmlns=\"http:\/\/www.w3.org\/2000\/svg\" xmlns:xlink=\"http:\/\/www.w3.org\/1999\/xlink\" class=\"cff-screenreader\" role=\"img\" aria-labelledby=\"metaSVGid metaSVGdesc\"><title id=\"metaSVGid\">Comments Box SVG icons<\/title><desc id=\"metaSVGdesc\">Used for the like, share, comment, and reaction icons<\/desc><defs><linearGradient id=\"angryGrad\" x1=\"0\" x2=\"0\" y1=\"0\" y2=\"1\"><stop offset=\"0%\" stop-color=\"#f9ae9e\" \/><stop offset=\"70%\" stop-color=\"#ffe7a4\" \/><\/linearGradient><linearGradient id=\"likeGrad\"><stop offset=\"25%\" stop-color=\"rgba(0,0,0,0.05)\" \/><stop offset=\"26%\" stop-color=\"rgba(255,255,255,0.7)\" \/><\/linearGradient><linearGradient id=\"likeGradHover\"><stop offset=\"25%\" stop-color=\"#a3caff\" \/><stop offset=\"26%\" stop-color=\"#fff\" \/><\/linearGradient><linearGradient id=\"likeGradDark\"><stop offset=\"25%\" stop-color=\"rgba(255,255,255,0.5)\" \/><stop offset=\"26%\" stop-color=\"rgba(255,255,255,0.7)\" \/><\/linearGradient><\/defs><\/svg>\t\t<div class=\"cff-error-msg\">\r\n\t\t\t<div>\r\n            <svg  aria-hidden=\"true\" focusable=\"false\" data-prefix=\"fas\" data-icon=\"lock\" role=\"img\" xmlns=\"http:\/\/www.w3.org\/2000\/svg\" viewBox=\"0 0 448 512\" class=\"svg-inline--fa fa-lock fa-w-14 \"><path fill=\"currentColor\" d=\"M400 224h-24v-72C376 68.2 307.8 0 224 0S72 68.2 72 152v72H48c-26.5 0-48 21.5-48 48v192c0 26.5 21.5 48 48 48h352c26.5 0 48-21.5 48-48V272c0-26.5-21.5-48-48-48zm-104 0H152v-72c0-39.7 32.3-72 72-72s72 32.3 72 72v72z\"><\/path><\/svg><b>This message is only visible to admins.<\/b><br\/>\t\r\n\t\t\t\tProblem displaying Facebook posts. Backup cache in use.\t\r\n\t\t\t\t\t\t\t\t\t<\/div>\r\n\t\t\t\t\t<div id=\"cff-error-reason\">\r\n\t\t\t\t\t\t\t\t\t\t\t\t\t<b>Error:<\/b> (#200) Provide valid app ID<br\/>\r\n\t\t\t\t\t\t\t\r\n\t\t\t\t\t\t\t\t\t\t\t\t\t<b>Type:<\/b> OAuthException<br\/>\r\n\t\t\t\t\t\t\t\r\n\t\t\t\t\t\t\t\r\n\t\t\t\t\t\t\t\t\r\n\t\t\t\t\t\t\t\r\n\t\t\t\t\t\t\t\r\n\t\t\t\t\t\t\t\t\t\t\t\t\t\t\t\t\t\t\t\t\t\t\t\t<\/div>\r\n\t\t\t\t\t\t\t\t\r\n\t\t<\/div>\r\n\t\t<div class=\"cff-posts-wrap\"><p class=\"cff-no-events\">No upcoming events<\/p><\/div><span class=\"cff_resized_image_data\" data-feedid=\"cff_ej_4428512324495744428512324495745p\" data-resized=\"[]\"><\/span><\/div><\/div><div class=\"cff-clear\"><\/div><\/div>\n\n<div class=\"cff-wrapper\"><div class=\"cff-wrapper-ctn \" ><div id=\"cff\" data-char=\"200\" class=\"cff  cff-mob-cols-1 cff-tab-cols-1  cff-thumb-layout cff-pag cff-doing-gdpr cff-all-reviews cff-nojs  cff-lightbox cff-lb\" style=\"width:100%; \" data-fb-text=\"View on Facebook\" data-offset=\"\" data-timeline-pag=\"true\" data-own-token=\"true\" data-grid-pag=\"offset\" data-lb-comments=\"false\" data-pag-num=\"5\" data-cff-shortcode=\"{&quot;feed&quot;: &quot;14&quot;}\" data-postid=\"1551\" data-cff-flags=\"gdpr\"><svg width=\"24px\" height=\"24px\" version=\"1.1\" xmlns=\"http:\/\/www.w3.org\/2000\/svg\" xmlns:xlink=\"http:\/\/www.w3.org\/1999\/xlink\" class=\"cff-screenreader\" role=\"img\" aria-labelledby=\"metaSVGid metaSVGdesc\"><title id=\"metaSVGid\">Comments Box SVG icons<\/title><desc id=\"metaSVGdesc\">Used for the like, share, comment, and reaction icons<\/desc><defs><linearGradient id=\"angryGrad\" x1=\"0\" x2=\"0\" y1=\"0\" y2=\"1\"><stop offset=\"0%\" stop-color=\"#f9ae9e\" \/><stop offset=\"70%\" stop-color=\"#ffe7a4\" \/><\/linearGradient><linearGradient id=\"likeGrad\"><stop offset=\"25%\" stop-color=\"rgba(0,0,0,0.05)\" \/><stop offset=\"26%\" stop-color=\"rgba(255,255,255,0.7)\" \/><\/linearGradient><linearGradient id=\"likeGradHover\"><stop offset=\"25%\" stop-color=\"#a3caff\" \/><stop offset=\"26%\" stop-color=\"#fff\" \/><\/linearGradient><linearGradient id=\"likeGradDark\"><stop offset=\"25%\" stop-color=\"rgba(255,255,255,0.5)\" \/><stop offset=\"26%\" stop-color=\"rgba(255,255,255,0.7)\" \/><\/linearGradient><\/defs><\/svg>\t\t<div class=\"cff-error-msg\">\r\n\t\t\t<div>\r\n            <svg  aria-hidden=\"true\" focusable=\"false\" data-prefix=\"fas\" data-icon=\"lock\" role=\"img\" xmlns=\"http:\/\/www.w3.org\/2000\/svg\" viewBox=\"0 0 448 512\" class=\"svg-inline--fa fa-lock fa-w-14 \"><path fill=\"currentColor\" d=\"M400 224h-24v-72C376 68.2 307.8 0 224 0S72 68.2 72 152v72H48c-26.5 0-48 21.5-48 48v192c0 26.5 21.5 48 48 48h352c26.5 0 48-21.5 48-48V272c0-26.5-21.5-48-48-48zm-104 0H152v-72c0-39.7 32.3-72 72-72s72 32.3 72 72v72z\"><\/path><\/svg><b>This message is only visible to admins.<\/b><br\/>\t\r\n\t\t\t\tProblem displaying Facebook posts. Backup cache in use.\t\r\n\t\t\t\t\t\t\t\t\t<\/div>\r\n\t\t\t\t\t<div id=\"cff-error-reason\">\r\n\t\t\t\t\t\t\t\t\t\t\t\t\t<b>Error:<\/b> (#200) Provide valid app ID<br\/>\r\n\t\t\t\t\t\t\t\r\n\t\t\t\t\t\t\t\t\t\t\t\t\t<b>Type:<\/b> OAuthException<br\/>\r\n\t\t\t\t\t\t\t\r\n\t\t\t\t\t\t\t\r\n\t\t\t\t\t\t\t\t\r\n\t\t\t\t\t\t\t\r\n\t\t\t\t\t\t\t\r\n\t\t\t\t\t\t\t\t\t\t\t\t\t\t\t\t\t\t\t\t\t\t\t\t<\/div>\r\n\t\t\t\t\t\t\t\t\r\n\t\t<\/div>\r\n\t\t<div class=\"cff-posts-wrap\"><p class=\"cff-no-events\">No upcoming events<\/p><\/div><span class=\"cff_resized_image_data\" data-feedid=\"cff_ej_4428512324495744428512324495745p1\" data-resized=\"[{&quot;media_id&quot;:&quot;6198745720177151&quot;,&quot;facebook_id&quot;:&quot;6198745720177151&quot;,&quot;aspect_ratio&quot;:&quot;1.00&quot;,&quot;sizes&quot;:&quot;[400,250,700]&quot;},{&quot;media_id&quot;:&quot;1214531849933363&quot;,&quot;facebook_id&quot;:&quot;1214531849933363&quot;,&quot;aspect_ratio&quot;:&quot;1.00&quot;,&quot;sizes&quot;:&quot;[400,250,700]&quot;},{&quot;media_id&quot;:&quot;578899687767736&quot;,&quot;facebook_id&quot;:&quot;578899687767736&quot;,&quot;aspect_ratio&quot;:&quot;1.00&quot;,&quot;sizes&quot;:&quot;[400,250,700]&quot;},{&quot;media_id&quot;:&quot;744061147528866&quot;,&quot;facebook_id&quot;:&quot;744061147528866&quot;,&quot;aspect_ratio&quot;:&quot;1.00&quot;,&quot;sizes&quot;:&quot;[400,250,700]&quot;},{&quot;media_id&quot;:&quot;727374715902985&quot;,&quot;facebook_id&quot;:&quot;727374715902985&quot;,&quot;aspect_ratio&quot;:&quot;1.00&quot;,&quot;sizes&quot;:&quot;[400,250,700]&quot;}]\"><\/span><\/div><\/div><div class=\"cff-clear\"><\/div><\/div>","protected":false},"excerpt":{"rendered":"<p>Projekt \u201eBuch, czyli ksi\u0105\u017cka\u201d jest dyskusyjnym klubem ksi\u0105\u017ckowym online skupionym wok\u00f3\u0142 literatury niemieckoj\u0119zycznej. Ju\u017c we wrze\u015bniu wyruszamy w fascynuj\u0105c\u0105 podr\u00f3\u017c po literaturze niemieckoj\u0119zycznej, zatrzymuj\u0105c si\u0119 zar\u00f3wno przy nowo\u015bciach, jak i si\u0119gaj\u0105c po klasyk\u00f3w. Spotkania odb\u0119d\u0105 si\u0119 online, wi\u0119c nie ograniczaj\u0105 nas odleg\u0142o\u015bci \u2013 do dyskusji zapraszamy wszystkich, kt\u00f3rzy chcieliby podzieli\u0107 si\u0119 swoimi wra\u017ceniami z przeczytanych ksi\u0105\u017cek lub pos\u0142ucha\u0107, co m\u00f3wi\u0105 o nich inni. \u201eBuch, czyli ksi\u0105\u017cka\u201d&nbsp;to literatura niemieckoj\u0119zyczna w dw\u00f3ch segmentach: najnowsze dzie\u0142a literatury niemieckoj\u0119zycznej, kt\u00f3re zosta\u0142y tak\u017ce przet\u0142umaczone i wydane w Polsce w ci\u0105gu ostatnich lat oraz wybrane pozycje literatury klasycznej odczytywanej \u201ena nowo\u201d. Plan spotka\u0144 Wrzesie\u0144 07.09., godz. 19.00 \u2013 \u201ePodr\u00f3\u017cny\u201d (\u201eDer Reisende\u201d) A. Boschwitz, wyd. Znak, Krak\u00f3w 2019, t\u0142um. El\u017cbieta Ptaszy\u0144ska-Sadowska, NIEMCY\/&nbsp;KLASYKA PO NIEMIECKU moderacja:&nbsp;Marcin Wilk 21.09, godz. 19.00 \u2013 \u201eSen o okapi\u201d (\u201eWas man von hier aus sehen kann\u201d) Mariana Leky , wyd. Otwarte, 2021, t\u0142um. Agnieszka Walczy, NIEMCY\/&nbsp;NAJNOWSZE PO NIEMIECKU moderacja:&nbsp;Natalia Staszczak-Pr\u00fcfer Pa\u017adziernik 12.10, godz. 19.00 \u2013 \u201eCo dalej, szary cz\u0142owieku\u201d (\u201eKleiner Man \u2013 was nun\u201d) Hans Fallada Wyd. Sonia Draga, 2013, t\u0142um. Dariusz Guzik, NIEMCY\/&nbsp;KLASYKA PO NIEMIECKU moderacja:&nbsp;Marcin Wilk 19.10, godz. 19.00 \u2013 \u201eTrafikant\u201d Robert Seethaler, wyd. Otwarte, 2019, t\u0142um. Ewa Kochanowska, AUSTRIA\/&nbsp;NAJNOWSZE PO NIEMIECKU moderacja:&nbsp;Natalia Staszczak-Pr\u00fcfer Listopad 09.11, godz. 19.00 \u2013 \u201eNiepokoje wychowanka Toerlessa\u201d (\u201eDie Verwirrungen des Z\u00f6glings T\u00f6rle\u00df\u201c) Robert Musil, t\u0142um. Wanda Kragen. AUSTRIA\/&nbsp;KLASYKA PO NIEMIECKU moderacja:&nbsp;Marcin Wilk 23.11, godz. 19.00 \u2013 \u201eNocny powr\u00f3t\u201d (\u201eDer Heimweg\u201d) Sebastian Fitzek, wyd. Amber, 2021, t\u0142um. Rafa\u0142 Sarna, NIEMCY\/&nbsp;NAJNOWSZE PO NIEMIECKU moderacja:&nbsp;Natalia Staszczak-Pr\u00fcfer Wszystkie spotkania b\u0119d\u0105 odbywa\u0107 si\u0119 o godzinie&nbsp;19.00 Spotykamy si\u0119 online! Wi\u0119cej informacji: https:\/\/buchczyliksiazka.org\/ KATALOG Kontakt: buchczyliksiazka@gmail.com Wydarzenia<\/p>\n","protected":false},"author":2,"featured_media":1550,"comment_status":"open","ping_status":"closed","sticky":false,"template":"","format":"standard","meta":{"jetpack_post_was_ever_published":false,"_jetpack_newsletter_access":"","_jetpack_dont_email_post_to_subs":false,"_jetpack_newsletter_tier_id":0,"_jetpack_memberships_contains_paywalled_content":false,"_jetpack_memberships_contains_paid_content":false,"footnotes":"","jetpack_publicize_message":"","jetpack_publicize_feature_enabled":true,"jetpack_social_post_already_shared":false,"jetpack_social_options":{"image_generator_settings":{"template":"highway","default_image_id":0,"font":"","enabled":false},"version":2}},"categories":[10],"tags":[],"class_list":["post-1551","post","type-post","status-publish","format-standard","has-post-thumbnail","hentry","category-projekty"],"jetpack_publicize_connections":[],"jetpack_featured_media_url":"https:\/\/i0.wp.com\/sprachcafe-polnisch.org\/wp-content\/uploads\/2021\/08\/row-1-column-2-2.png?fit=512%2C371&ssl=1","acf":[],"jetpack-related-posts":[],"jetpack_sharing_enabled":true,"_links":{"self":[{"href":"https:\/\/sprachcafe-polnisch.org\/pl\/wp-json\/wp\/v2\/posts\/1551","targetHints":{"allow":["GET"]}}],"collection":[{"href":"https:\/\/sprachcafe-polnisch.org\/pl\/wp-json\/wp\/v2\/posts"}],"about":[{"href":"https:\/\/sprachcafe-polnisch.org\/pl\/wp-json\/wp\/v2\/types\/post"}],"author":[{"embeddable":true,"href":"https:\/\/sprachcafe-polnisch.org\/pl\/wp-json\/wp\/v2\/users\/2"}],"replies":[{"embeddable":true,"href":"https:\/\/sprachcafe-polnisch.org\/pl\/wp-json\/wp\/v2\/comments?post=1551"}],"version-history":[{"count":0,"href":"https:\/\/sprachcafe-polnisch.org\/pl\/wp-json\/wp\/v2\/posts\/1551\/revisions"}],"wp:featuredmedia":[{"embeddable":true,"href":"https:\/\/sprachcafe-polnisch.org\/pl\/wp-json\/wp\/v2\/media\/1550"}],"wp:attachment":[{"href":"https:\/\/sprachcafe-polnisch.org\/pl\/wp-json\/wp\/v2\/media?parent=1551"}],"wp:term":[{"taxonomy":"category","embeddable":true,"href":"https:\/\/sprachcafe-polnisch.org\/pl\/wp-json\/wp\/v2\/categories?post=1551"},{"taxonomy":"post_tag","embeddable":true,"href":"https:\/\/sprachcafe-polnisch.org\/pl\/wp-json\/wp\/v2\/tags?post=1551"}],"curies":[{"name":"wp","href":"https:\/\/api.w.org\/{rel}","templated":true}]}}