{"id":1477,"date":"2021-07-20T19:12:03","date_gmt":"2021-07-20T17:12:03","guid":{"rendered":"https:\/\/sprachcafe-polnisch.org\/?p=1477"},"modified":"2021-07-20T19:12:57","modified_gmt":"2021-07-20T17:12:57","slug":"cykl-warsztatow-kreatywnych-black-lives-matter","status":"publish","type":"post","link":"https:\/\/sprachcafe-polnisch.org\/pl\/2021\/07\/cykl-warsztatow-kreatywnych-black-lives-matter\/","title":{"rendered":"Cykl warsztat\u00f3w kreatywnych \u201eBlack lives matter\u201c"},"content":{"rendered":"\n<p><a rel=\"noreferrer noopener\" target=\"_blank\" href=\"https:\/\/sprachcafe-polnisch.us12.list-manage.com\/track\/click?u=cdbb41f9160eb33abbe5274b9&amp;id=e7176dc02c&amp;e=54306ec942\">\u201e<strong>Black lives matter\u201c \u2013 Kreativ-Workshop-Reihe<\/strong><\/a>\u00a0\u2013\u00a0trzycz\u0119\u015bciowy cykl kreatywnych, interkulturowych i wielopokoleniowych spotka\u0144 tematyzuj\u0105cych zjawisko\u00a0rasizmu, realizowany\u00a0w marcu 2021\u00a0<br>ramach\u00a0<a rel=\"noreferrer noopener\" target=\"_blank\" href=\"https:\/\/sprachcafe-polnisch.us12.list-manage.com\/track\/click?u=cdbb41f9160eb33abbe5274b9&amp;id=851efd879c&amp;e=54306ec942\"><em>Internationale Wochen gegen Rassismus<\/em><\/a>\u00a0| Projekt\u00a0<em><a rel=\"noreferrer noopener\" target=\"_blank\" href=\"https:\/\/sprachcafe-polnisch.us12.list-manage.com\/track\/click?u=cdbb41f9160eb33abbe5274b9&amp;id=e2a0780792&amp;e=54306ec942\">Jeste\u015bmy tu dla Was!<\/a>\u00a0oraz\u00a0<a rel=\"noreferrer noopener\" target=\"_blank\" href=\"https:\/\/sprachcafe-polnisch.us12.list-manage.com\/track\/click?u=cdbb41f9160eb33abbe5274b9&amp;id=f00eaba202&amp;e=54306ec942\">SprachCaf\u00e9 2.0<\/a>\u00a0\u2013\u00a0FEIN-Pilotprojekt. <\/em><\/p>\n\n\n\n<p>Serdecznie dzi\u0119kujemy\u00a0JP Bouzac za pomys\u0142y, realizacj\u0119 oraz\u00a0<a href=\"https:\/\/sprachcafe-polnisch.org\/wp-content\/uploads\/2021\/05\/2021_03_Kreativ-Workshopreihe-Black-lives-matter_Dokumentation-2-05.2021-4.pdf\"><strong>dokumentacj\u0119<\/strong><\/a>!\u00a0<\/p>\n\n\n\n<p>Zapraszamy do jej obejrzenia!\u00a0<\/p>\n","protected":false},"excerpt":{"rendered":"<p>\u201eBlack lives matter\u201c \u2013 Kreativ-Workshop-Reihe\u00a0\u2013\u00a0trzycz\u0119\u015bciowy cykl kreatywnych, interkulturowych i wielopokoleniowych spotka\u0144 tematyzuj\u0105cych zjawisko\u00a0rasizmu, realizowany\u00a0w marcu 2021\u00a0ramach\u00a0Internationale Wochen gegen Rassismus\u00a0| Projekt\u00a0Jeste\u015bmy tu dla Was!\u00a0oraz\u00a0SprachCaf\u00e9 2.0\u00a0\u2013\u00a0FEIN-Pilotprojekt. Serdecznie dzi\u0119kujemy\u00a0JP Bouzac za pomys\u0142y, realizacj\u0119 oraz\u00a0dokumentacj\u0119!\u00a0 Zapraszamy do jej obejrzenia!\u00a0<\/p>\n","protected":false},"author":2,"featured_media":1475,"comment_status":"open","ping_status":"closed","sticky":false,"template":"","format":"standard","meta":{"jetpack_post_was_ever_published":false,"_jetpack_newsletter_access":"","_jetpack_dont_email_post_to_subs":false,"_jetpack_newsletter_tier_id":0,"_jetpack_memberships_contains_paywalled_content":false,"_jetpack_memberships_contains_paid_content":false,"footnotes":"","jetpack_publicize_message":"","jetpack_publicize_feature_enabled":true,"jetpack_social_post_already_shared":false,"jetpack_social_options":{"image_generator_settings":{"template":"highway","default_image_id":0,"font":"","enabled":false},"version":2}},"categories":[19],"tags":[],"class_list":["post-1477","post","type-post","status-publish","format-standard","has-post-thumbnail","hentry","category-special-2"],"jetpack_publicize_connections":[],"jetpack_featured_media_url":"https:\/\/i0.wp.com\/sprachcafe-polnisch.org\/wp-content\/uploads\/2021\/07\/Back-lives-matter.jpg?fit=1024%2C576&ssl=1","acf":[],"jetpack-related-posts":[],"jetpack_sharing_enabled":true,"_links":{"self":[{"href":"https:\/\/sprachcafe-polnisch.org\/pl\/wp-json\/wp\/v2\/posts\/1477","targetHints":{"allow":["GET"]}}],"collection":[{"href":"https:\/\/sprachcafe-polnisch.org\/pl\/wp-json\/wp\/v2\/posts"}],"about":[{"href":"https:\/\/sprachcafe-polnisch.org\/pl\/wp-json\/wp\/v2\/types\/post"}],"author":[{"embeddable":true,"href":"https:\/\/sprachcafe-polnisch.org\/pl\/wp-json\/wp\/v2\/users\/2"}],"replies":[{"embeddable":true,"href":"https:\/\/sprachcafe-polnisch.org\/pl\/wp-json\/wp\/v2\/comments?post=1477"}],"version-history":[{"count":0,"href":"https:\/\/sprachcafe-polnisch.org\/pl\/wp-json\/wp\/v2\/posts\/1477\/revisions"}],"wp:featuredmedia":[{"embeddable":true,"href":"https:\/\/sprachcafe-polnisch.org\/pl\/wp-json\/wp\/v2\/media\/1475"}],"wp:attachment":[{"href":"https:\/\/sprachcafe-polnisch.org\/pl\/wp-json\/wp\/v2\/media?parent=1477"}],"wp:term":[{"taxonomy":"category","embeddable":true,"href":"https:\/\/sprachcafe-polnisch.org\/pl\/wp-json\/wp\/v2\/categories?post=1477"},{"taxonomy":"post_tag","embeddable":true,"href":"https:\/\/sprachcafe-polnisch.org\/pl\/wp-json\/wp\/v2\/tags?post=1477"}],"curies":[{"name":"wp","href":"https:\/\/api.w.org\/{rel}","templated":true}]}}