{"id":1318,"date":"2021-05-05T21:41:44","date_gmt":"2021-05-05T19:41:44","guid":{"rendered":"https:\/\/sprachcafe-polnisch.org\/?p=1318"},"modified":"2021-05-05T21:41:46","modified_gmt":"2021-05-05T19:41:46","slug":"jezyk-polski-i-literatura-dla-mlodziezy-wychowanej-w-srodowisku-dwujezycznym","status":"publish","type":"post","link":"https:\/\/sprachcafe-polnisch.org\/pl\/2021\/05\/jezyk-polski-i-literatura-dla-mlodziezy-wychowanej-w-srodowisku-dwujezycznym\/","title":{"rendered":"J\u0118ZYK POLSKI I LITERATURA DLA M\u0141ODZIE\u017bY WYCHOWANEJ W \u015aRODOWISKU DWUJ\u0118ZYCZNYM"},"content":{"rendered":"\n<p>Nauka przez kreatywno\u015b\u0107 drog\u0105 ku wieloj\u0119zyczno\u015bci \u2013 cotygodniowe spotkania w soboty, godz. 12-13.30 <br>Do\u0142\u0105cz do nas! <br><a href=\"https:\/\/fb.me\/e\/1m0e4H394\" data-type=\"URL\" data-id=\"https:\/\/fb.me\/e\/1m0e4H394\">Wi\u0119cej\u2026<\/a><\/p>\n","protected":false},"excerpt":{"rendered":"<p>Nauka przez kreatywno\u015b\u0107 drog\u0105 ku wieloj\u0119zyczno\u015bci \u2013 cotygodniowe spotkania w soboty, godz. 12-13.30 Do\u0142\u0105cz do nas! Wi\u0119cej\u2026<\/p>\n","protected":false},"author":2,"featured_media":1307,"comment_status":"open","ping_status":"closed","sticky":false,"template":"","format":"standard","meta":{"jetpack_post_was_ever_published":false,"_jetpack_newsletter_access":"","_jetpack_dont_email_post_to_subs":false,"_jetpack_newsletter_tier_id":0,"_jetpack_memberships_contains_paywalled_content":false,"_jetpack_memberships_contains_paid_content":false,"footnotes":"","jetpack_publicize_message":"","jetpack_publicize_feature_enabled":true,"jetpack_social_post_already_shared":false,"jetpack_social_options":{"image_generator_settings":{"template":"highway","default_image_id":0,"font":"","enabled":false},"version":2}},"categories":[10],"tags":[],"class_list":["post-1318","post","type-post","status-publish","format-standard","has-post-thumbnail","hentry","category-projekty"],"jetpack_publicize_connections":[],"jetpack_featured_media_url":"https:\/\/i0.wp.com\/sprachcafe-polnisch.org\/wp-content\/uploads\/2021\/05\/122352951_3723633924371272_1311690663711468092_o-dla-mlodziezy.jpg?fit=1707%2C960&ssl=1","acf":[],"jetpack-related-posts":[],"jetpack_sharing_enabled":true,"_links":{"self":[{"href":"https:\/\/sprachcafe-polnisch.org\/pl\/wp-json\/wp\/v2\/posts\/1318","targetHints":{"allow":["GET"]}}],"collection":[{"href":"https:\/\/sprachcafe-polnisch.org\/pl\/wp-json\/wp\/v2\/posts"}],"about":[{"href":"https:\/\/sprachcafe-polnisch.org\/pl\/wp-json\/wp\/v2\/types\/post"}],"author":[{"embeddable":true,"href":"https:\/\/sprachcafe-polnisch.org\/pl\/wp-json\/wp\/v2\/users\/2"}],"replies":[{"embeddable":true,"href":"https:\/\/sprachcafe-polnisch.org\/pl\/wp-json\/wp\/v2\/comments?post=1318"}],"version-history":[{"count":0,"href":"https:\/\/sprachcafe-polnisch.org\/pl\/wp-json\/wp\/v2\/posts\/1318\/revisions"}],"wp:featuredmedia":[{"embeddable":true,"href":"https:\/\/sprachcafe-polnisch.org\/pl\/wp-json\/wp\/v2\/media\/1307"}],"wp:attachment":[{"href":"https:\/\/sprachcafe-polnisch.org\/pl\/wp-json\/wp\/v2\/media?parent=1318"}],"wp:term":[{"taxonomy":"category","embeddable":true,"href":"https:\/\/sprachcafe-polnisch.org\/pl\/wp-json\/wp\/v2\/categories?post=1318"},{"taxonomy":"post_tag","embeddable":true,"href":"https:\/\/sprachcafe-polnisch.org\/pl\/wp-json\/wp\/v2\/tags?post=1318"}],"curies":[{"name":"wp","href":"https:\/\/api.w.org\/{rel}","templated":true}]}}